{"id":1579,"date":"2023-09-20T14:09:04","date_gmt":"2023-09-20T12:09:04","guid":{"rendered":"https:\/\/pasaenmendoza.com\/?p=1579"},"modified":"2023-09-20T14:09:04","modified_gmt":"2023-09-20T12:09:04","slug":"convocan-al-consejo-del-salario-y-se-especula-con-un-minimo-de-135-000","status":"publish","type":"post","link":"https:\/\/pasaenmendoza.com\/?p=1579","title":{"rendered":"Convocan al Consejo del Salario y se especula con un m\u00ednimo de $135.000"},"content":{"rendered":"\n<p>El Gobierno oficializ\u00f3 la<strong>\u00a0convocatoria del\u00a0Consejo del Salario\u00a0para el 27<\/strong>\u00a0de septiembre pr\u00f3ximo, con el objetivo de definir un\u00a0<strong>nuevo aumento del haber m\u00ednimo\u00a0<\/strong>y de la prestaci\u00f3n por desempleo.<\/p>\n\n\n\n<p>La decisi\u00f3n, que fue anticipada el viernes \u00faltimo por el Ministerio de Trabajo, se formaliz\u00f3 por medio de la Resoluci\u00f3n 11\/2023 de esa cartera, publicada este lunes en el Bolet\u00edn Oficial.<\/p>\n\n\n\n<p>La reuni\u00f3n estaba prevista para el 15 de octubre, pero el\u00a0<strong>Gobierno decidi\u00f3 adelantarla a ra\u00edz de la\u00a0disparada de la inflaci\u00f3n, que trep\u00f3 al 12,4% en agosto<\/strong>.<\/p>\n\n\n\n<p>&#8220;Conv\u00f3case a los integrantes del Consejo Nacional del Empleo, la Productividad y el Salario M\u00ednimo, Vital y M\u00f3vil a&nbsp;<strong>reunirse en sesi\u00f3n plenaria ordinaria el 27 de septiembre de 2023, a las 16:00<\/strong>, mediante plataforma virtual. D\u00e9jase establecido la convocatoria a segunda sesi\u00f3n para las 16:30 de ese mismo d\u00eda&#8221;, seg\u00fan el texto oficial.<\/p>\n\n\n\n<p>Como orden del d\u00eda, se fij\u00f3 la designaci\u00f3n de dos Consejeros presentes de cada sector para la suscripci\u00f3n del acta, y la consideraci\u00f3n de los temas elevados al plenario por la Comisi\u00f3n del Salario M\u00ednimo, Vital y M\u00f3vil y Prestaciones por Desempleo.<\/p>\n\n\n\n<p>Esta \u00faltima Comisi\u00f3n se reunir\u00e1 a las 14 del mi\u00e9rcoles 27, para la\u00a0<strong>determinaci\u00f3n del salario m\u00ednimo y de los montos m\u00ednimo y m\u00e1ximo de la prestaci\u00f3n por desempleo<\/strong>.<\/p>\n\n\n\n<h2 class=\"wp-block-heading\">Los \u00faltimos aumentos<\/h2>\n\n\n\n<p><strong>La \u00faltima actualizaci\u00f3n del salario m\u00ednimo se aplic\u00f3 en junio<\/strong>, cuando empresarios y sindicalistas aprobaron un aumento del 34% en tres tramos, entre julio y septiembre, que elev\u00f3 ese ingreso a $105.500, luego a $112.500 en agosto y lleg\u00f3 a $118.000 este mes.<\/p>\n\n\n\n<p>En esa reuni\u00f3n la CGT vot\u00f3 a favor, la CTA Aut\u00f3noma lo rechaz\u00f3 -tras reclamar un 55%- y la CTA de los Trabajadores liderada por Hugo Yasky decidi\u00f3 abstenerse.<\/p>\n\n\n\n<p>La modificaci\u00f3n del haber m\u00ednimo<strong>\u00a0impacta en las prestaciones por desempleo el plan Potenciar Trabajo, el Programa Acompa\u00f1ar y las becas Progresar<\/strong>, entre otros subsidios estatales.<\/p>\n\n\n\n<p><strong>Fuente: www.diariouno.com.ar<\/strong><\/p>\n","protected":false},"excerpt":{"rendered":"<p>El Gobierno oficializ\u00f3 la\u00a0convocatoria del\u00a0Consejo del Salario\u00a0para el 27\u00a0de septiembre pr\u00f3ximo, con el objetivo de definir un\u00a0nuevo aumento del haber m\u00ednimo\u00a0y de la prestaci\u00f3n por desempleo. La decisi\u00f3n, que fue anticipada el viernes \u00faltimo por el Ministerio de Trabajo, se formaliz\u00f3 por medio de la Resoluci\u00f3n 11\/2023 de esa cartera, publicada este lunes en el [&hellip;]<\/p>\n","protected":false},"author":2,"featured_media":1461,"comment_status":"open","ping_status":"open","sticky":false,"template":"","format":"standard","meta":[],"categories":[49],"tags":[],"_links":{"self":[{"href":"https:\/\/pasaenmendoza.com\/index.php?rest_route=\/wp\/v2\/posts\/1579"}],"collection":[{"href":"https:\/\/pasaenmendoza.com\/index.php?rest_route=\/wp\/v2\/posts"}],"about":[{"href":"https:\/\/pasaenmendoza.com\/index.php?rest_route=\/wp\/v2\/types\/post"}],"author":[{"embeddable":true,"href":"https:\/\/pasaenmendoza.com\/index.php?rest_route=\/wp\/v2\/users\/2"}],"replies":[{"embeddable":true,"href":"https:\/\/pasaenmendoza.com\/index.php?rest_route=%2Fwp%2Fv2%2Fcomments&post=1579"}],"version-history":[{"count":1,"href":"https:\/\/pasaenmendoza.com\/index.php?rest_route=\/wp\/v2\/posts\/1579\/revisions"}],"predecessor-version":[{"id":1581,"href":"https:\/\/pasaenmendoza.com\/index.php?rest_route=\/wp\/v2\/posts\/1579\/revisions\/1581"}],"wp:featuredmedia":[{"embeddable":true,"href":"https:\/\/pasaenmendoza.com\/index.php?rest_route=\/wp\/v2\/media\/1461"}],"wp:attachment":[{"href":"https:\/\/pasaenmendoza.com\/index.php?rest_route=%2Fwp%2Fv2%2Fmedia&parent=1579"}],"wp:term":[{"taxonomy":"category","embeddable":true,"href":"https:\/\/pasaenmendoza.com\/index.php?rest_route=%2Fwp%2Fv2%2Fcategories&post=1579"},{"taxonomy":"post_tag","embeddable":true,"href":"https:\/\/pasaenmendoza.com\/index.php?rest_route=%2Fwp%2Fv2%2Ftags&post=1579"}],"curies":[{"name":"wp","href":"https:\/\/api.w.org\/{rel}","templated":true}]}}