{"id":15792,"date":"2025-11-18T19:57:52","date_gmt":"2025-11-18T18:57:52","guid":{"rendered":"https:\/\/pasaenmendoza.com\/?p=15792"},"modified":"2025-11-18T19:57:53","modified_gmt":"2025-11-18T18:57:53","slug":"vendimia-2026-como-sera-la-tercera-noche-y-que-se-sabe-del-show-musical","status":"publish","type":"post","link":"https:\/\/pasaenmendoza.com\/?p=15792","title":{"rendered":"Vendimia 2026: c\u00f3mo ser\u00e1 la tercera noche y qu\u00e9 se sabe del show musical"},"content":{"rendered":"\n<p>En su aniversario n\u00famero 90, la<strong>\u00a0Fiesta Nacional de la\u00a0Vendimia\u00a02026\u00a0<\/strong>ser\u00e1 un homenaje a la historia y al pueblo mendocino. El s\u00e1bado 7 de marzo se desarrollar\u00e1 &#8220;90 cosechas de una misma cepa&#8221; en el marco del Acto Central, mientras que el domingo 8 de ser\u00e1 la repetici\u00f3n.<\/p>\n\n\n\n<p>En tanto, en la tercera noche habr\u00e1 un show musical de gesti\u00f3n privada; sin la repetici\u00f3n del espect\u00e1culo de la<strong>\u00a0Vendimia<\/strong>. Fue\u00a0<strong>Diego Gareca<\/strong>, subsecretario de Cultura, quien confirm\u00f3 que en 2026\u00a0<strong>se repetir\u00e1 el formato<\/strong>\u00a0de este a\u00f1o.<\/p>\n\n\n\n<p>&#8220;Vamos a repetir el formato. Estamos charlando con algunos productores, haciendo consultas para ver a qui\u00e9n quieren traer&#8221;, dijo el funcionario, quien tambi\u00e9n asegur\u00f3 que los artistas a\u00fan no est\u00e1n definidos. Seg\u00fan mencion\u00f3, los nombres de los m\u00fasicos se conocer\u00e1n reci\u00e9n en enero del a\u00f1o que viene.<\/p>\n\n\n\n<h2 class=\"wp-block-heading\">Fiesta de la Vendimia &#8220;privada&#8221;<\/h2>\n\n\n\n<p>La \u00faltima edici\u00f3n de la\u00a0<strong>Fiesta Nacional de la Vendimia<\/strong>\u00a0tuvo novedades. A diferencia de otros a\u00f1os, no se realizaron dos repeticiones de la performance de los artistas. Adem\u00e1s, el\u00a0<strong>show musical fue con gesti\u00f3n privada<\/strong>.<\/p>\n\n\n\n<p>Fue la productora Beatbox la encargada de sellar la llegada de Q&#8217;Lokura y Ke Personajes. Los valores de las entradas para la &#8220;nueva&#8221; tercera noche tuvieron un costo de entre 15 mil pesos y 90 mil pesos.<\/p>\n\n\n\n<p>En cuanto al acuerdo econ\u00f3mico entre el Gobierno de Mendoza y la productora, en aquel entonces Gareca explic\u00f3: &#8220;Desde la provincia dejamos todo lo referido a lo t\u00e9cnico y escenario, luces, sonido, etc. Acordamos lo que habitualmente usamos en los teatros, que es un 80% para la productora y el 20% para el Gobierno de Mendoza&#8221;.<\/p>\n\n\n\n<p>Hasta el momento, se desconoce cu\u00e1l ser\u00e1 la productora encargada de la tercera noche de la Vendimia 2026, y por ende, los artistas que el a\u00f1o que viene pisar\u00e1n el escenario del Teatro Griego Frank Romero Day.<\/p>\n\n\n\n<h2 class=\"wp-block-heading\">Vendimia 2026<\/h2>\n\n\n\n<p>En el a\u00f1o de su 90 aniversario, la&nbsp;<strong>Fiesta de la Vendimia<\/strong><a href=\"https:\/\/www.mdzol.com\/temas\/fiesta-de-la-vendimia-77433.html\" class=\"\"><\/a>&nbsp;rescatar\u00e1 la idiosincrasia y la cultura, pero sin perder lo &#8220;novedoso&#8221;, destac\u00f3 Pablo Perri, director de la Vendimia 2026. Seg\u00fan adelant\u00f3, la fiesta estar\u00e1 centrada en revalorizar a personajes importantes de la Vendimia, en un homenaje a la historia y al pueblo mendocino.<\/p>\n\n\n\n<p>Consultado por el avance y la actualizaci\u00f3n de la Vendimia conforme al paso de los a\u00f1os, Gareca asegur\u00f3 que la fiesta m\u00e1xima de los mendocino se &#8220;ha ido adaptando&#8221;, pero sin perder la tradici\u00f3n.<\/p>\n\n\n\n<p>&#8220;No perder la tradici\u00f3n es algo que est\u00e1 garantizado desde el momento en el que hacemos la convocatoria a concurso y hay ciertos requisitos que cumplir. Pero la Vendimia se ha ido adaptando. Ha ido tomando una identidad desde el punto de vista visual, incorporando tecnolog\u00eda&#8221;, mencion\u00f3 el funcionario, quien asegur\u00f3 estar trabajando para incorporar un show de drones.<\/p>\n\n\n\n<p>En cuanto a las cr\u00edticas a la Vendimia, Gareca plante\u00f3: &#8220;Nosotros estamos desde adentro con el l\u00e1tigo, diciendo est\u00e1 todo mal, la fiesta es un desastre, pero yo veo como ven desde la Argentina a Mendoza. El sentir popular que tiene la fiesta hace que cualquiera pueda opinar&#8221;.<\/p>\n\n\n\n<p><strong>Fuente: www.mdzol.com<\/strong><\/p>\n","protected":false},"excerpt":{"rendered":"<p>En su aniversario n\u00famero 90, la\u00a0Fiesta Nacional de la\u00a0Vendimia\u00a02026\u00a0ser\u00e1 un homenaje a la historia y al pueblo mendocino. El s\u00e1bado 7 de marzo se desarrollar\u00e1 &#8220;90 cosechas de una misma cepa&#8221; en el marco del Acto Central, mientras que el domingo 8 de ser\u00e1 la repetici\u00f3n. En tanto, en la tercera noche habr\u00e1 un show [&hellip;]<\/p>\n","protected":false},"author":2,"featured_media":15793,"comment_status":"open","ping_status":"open","sticky":false,"template":"","format":"standard","meta":[],"categories":[74],"tags":[],"_links":{"self":[{"href":"https:\/\/pasaenmendoza.com\/index.php?rest_route=\/wp\/v2\/posts\/15792"}],"collection":[{"href":"https:\/\/pasaenmendoza.com\/index.php?rest_route=\/wp\/v2\/posts"}],"about":[{"href":"https:\/\/pasaenmendoza.com\/index.php?rest_route=\/wp\/v2\/types\/post"}],"author":[{"embeddable":true,"href":"https:\/\/pasaenmendoza.com\/index.php?rest_route=\/wp\/v2\/users\/2"}],"replies":[{"embeddable":true,"href":"https:\/\/pasaenmendoza.com\/index.php?rest_route=%2Fwp%2Fv2%2Fcomments&post=15792"}],"version-history":[{"count":1,"href":"https:\/\/pasaenmendoza.com\/index.php?rest_route=\/wp\/v2\/posts\/15792\/revisions"}],"predecessor-version":[{"id":15794,"href":"https:\/\/pasaenmendoza.com\/index.php?rest_route=\/wp\/v2\/posts\/15792\/revisions\/15794"}],"wp:featuredmedia":[{"embeddable":true,"href":"https:\/\/pasaenmendoza.com\/index.php?rest_route=\/wp\/v2\/media\/15793"}],"wp:attachment":[{"href":"https:\/\/pasaenmendoza.com\/index.php?rest_route=%2Fwp%2Fv2%2Fmedia&parent=15792"}],"wp:term":[{"taxonomy":"category","embeddable":true,"href":"https:\/\/pasaenmendoza.com\/index.php?rest_route=%2Fwp%2Fv2%2Fcategories&post=15792"},{"taxonomy":"post_tag","embeddable":true,"href":"https:\/\/pasaenmendoza.com\/index.php?rest_route=%2Fwp%2Fv2%2Ftags&post=15792"}],"curies":[{"name":"wp","href":"https:\/\/api.w.org\/{rel}","templated":true}]}}