{"id":15795,"date":"2025-11-19T23:18:32","date_gmt":"2025-11-19T22:18:32","guid":{"rendered":"https:\/\/pasaenmendoza.com\/?p=15795"},"modified":"2025-11-19T23:18:33","modified_gmt":"2025-11-19T22:18:33","slug":"acoso-escolar-aprobaron-la-ley-que-sanciona-a-los-padres-de-hijos-que-hagan-bullying","status":"publish","type":"post","link":"https:\/\/pasaenmendoza.com\/?p=15795","title":{"rendered":"Acoso escolar: aprobaron la ley que sanciona a los padres de hijos que hagan bullying"},"content":{"rendered":"\n<p>De ahora en m\u00e1s, los padres ser\u00e1n corresponsables del\u00a0<strong>bullying<\/strong>\u00a0que realicen sus hijos a otros estudiantes dentro del \u00e1mbito escolar tanto p\u00fablico como privado. Diputados aprob\u00f3 este mi\u00e9rcoles por unanimidad el\u00a0proyecto que ya ten\u00eda media sanci\u00f3n del Senado.<\/p>\n\n\n\n<p>La iniciativa fue ideada por el\u00a0<strong>Ministerio de Educaci\u00f3n<\/strong>\u00a0y la\u00a0<strong>Direcci\u00f3n General de Escuelas (DGE),<\/strong>\u00a0ambos\u00a0a cargo de Tadeo Garc\u00eda Zalazar, y hab\u00eda sido presentada en octubre pasado.<\/p>\n\n\n\n<p>&#8220;Buscamos la protecci\u00f3n de los ni\u00f1os, ni\u00f1as y adolescentes, pero tambi\u00e9n sancionar a los adultos responsables que no colaboren en situaciones de\u00a0<strong>bullying&#8221;,<\/strong>\u00a0cont\u00f3 la diputada radical Claudia Salas, de la comisi\u00f3n de Cultura y Educaci\u00f3n, en di\u00e1logo con la prensa.<\/p>\n\n\n\n<p>La legisladora explic\u00f3 que de acuerdo a cada caso en particular, la sanci\u00f3n puede ir desde tareas comunitarias de hasta 50 d\u00edas, o pecuniarias, que van desde los $600.000 y los $1.260.000.<\/p>\n\n\n\n<h2 class=\"wp-block-heading\">\u00bfQu\u00e9 dice la nueva norma que sanciona a padres de hijos que realicen bullying?<\/h2>\n\n\n\n<p>La nueva ley, que tuvo un s\u00f3lo voto negativo de Jos\u00e9 Luis Ram\u00f3n, incorpora 5 \u00edtems al art\u00edculo 100 del C\u00f3digo Contravencional. Entre ellos, establece la \u201cResponsabilidad parental por acoso escolar\u201d, definida como &#8220;se considerar\u00e1 una contravenci\u00f3n la omisi\u00f3n del deber de vigilancia, orientaci\u00f3n y cuidado, por parte de los padres, tutores o cualquier persona que ejerza la responsabilidad parental o custodia, cuando un ni\u00f1o,\u00a0ni\u00f1a o adolescente a su cargo cometa actos de\u00a0<strong>acoso escola<\/strong>r\u00a0denominado (<strong>bullying<\/strong>), causando da\u00f1o f\u00edsico, psicol\u00f3gico o emocional a otro menor en el \u00e1mbito educativo o social\u201d.<\/p>\n\n\n\n<p>Tambi\u00e9n, dispone una instancia previa. Si el \u201checho haya sido denunciado ante las autoridades escolares o de protecci\u00f3n de la infancia y se haya verificado la conducta del menor agresor y la falta de acci\u00f3n por parte de sus padres, tutores o responsables legales\u201d, antes de la intervenci\u00f3n judicial, \u201clas autoridades escolares deber\u00e1n aplicar el protocolo de actuaci\u00f3n que se determine, con la participaci\u00f3n de un equipo interdisciplinario (psic\u00f3logos, trabajadores sociales, entre otros profesionales)\u201d.<\/p>\n\n\n\n<p>Si fracasa esta instancia previa \u201cpor inasistencia de los adultos responsables o incumplimiento de los compromisos asumidos, se dar\u00e1 intervenci\u00f3n al Juzgado contravencional correspondiente, remiti\u00e9ndole un informe pormenorizado de la situaci\u00f3n denunciada y verificada, las acciones realizadas y el resultado de la instancia previa\u201d.<\/p>\n\n\n\n<p>Adem\u00e1s, impone sanciones a &#8220;padres, tutores, cuidadores o responsables legales\u201d que \u201chabiendo sido notificados de la conducta de&nbsp;<strong>acoso<\/strong>&nbsp;de su hijo\/a o menor a cargo, no adopten las medidas de supervisi\u00f3n, educaci\u00f3n o contenci\u00f3n necesarias para detenerla, o que no cumplan con los compromisos de conducta asumidos\u201d, tendr\u00e1n sanciones \u201cde trabajo comunitario por un per\u00edodo de 5 a 50 d\u00edas\u201d; y de acuerdo a la gravedad del hecho, el juez podr\u00e1 aplicar sanci\u00f3n de multa de 500 UF a 5000 UF&#8221;.<\/p>\n\n\n\n<p>Si hubiese reincidencia se considera agravante, con lo cual el articulado a incorporar manifiesta que \u201csi el menor reincide en los actos de&nbsp;<strong>acoso<\/strong>&nbsp;<strong>escolar<\/strong>, el juez contravencional podr\u00e1 duplicar la sanci\u00f3n de trabajo comunitario o de multa a imponer, pudiendo adem\u00e1s, disponer la obligatoriedad de la asistencia a talleres de parentalidad o terapia familiar\u201d.<\/p>\n\n\n\n<p>A su vez, los fondos que se recauden por las multas que pudieren corresponder, se indica que \u201cse destinar\u00e1n a un fondo provincial a la prevenci\u00f3n y asistencia de&nbsp;<strong>v\u00edctimas de acoso escolar<\/strong>&nbsp;en la&nbsp;<strong>Direcci\u00f3n General de Escuelas<\/strong>&nbsp;y tambi\u00e9n Bibliotecas Populares\u201d.<\/p>\n\n\n\n<h2 class=\"wp-block-heading\">La ins\u00f3lita justificaci\u00f3n de Jos\u00e9 Luis Ram\u00f3n para votar en contra<\/h2>\n\n\n\n<p>El diputado Jos\u00e9 Luis Ram\u00f3n, de Consumidores y Ciudadanos, fue el \u00fanico que vot\u00f3 en contra.<\/p>\n\n\n\n<p>En soledad asegur\u00f3 que el\u00a0<strong>bullying<\/strong>\u00a0&#8220;no es un tema que se pueda resolver de una manera liviana, sino que necesita de un abordaje, sobre todo desde la prestaci\u00f3n del servicio educativo&#8221;, y que &#8220;el protocolo contra el\u00a0<strong>bullying<\/strong>\u00a0en Mendoza es virtuoso, tendiente a lograr la contenci\u00f3n; y el responsable de aplicarlo es la autoridad escolar&#8221;, por lo que esta ley resultar\u00eda &#8220;contradictoria&#8221;.<\/p>\n\n\n\n<p>Expuso tambi\u00e9n que &#8220;la paz en las escuelas no tiene precio de mercado, la paz en las escuelas tiene necesariamente que cumplirla el proveedor del servicio educativo, que es el Gobierno . Aplicando sanciones no se soluciona el problema del&nbsp;<strong>bullying;<\/strong>&nbsp;y Argentina est\u00e1 entre los 10 pa\u00edses a nivel mundial donde los problemas de&nbsp;<strong>bullying<\/strong>&nbsp;son los m\u00e1s graves&#8221;.<\/p>\n\n\n\n<h2 class=\"wp-block-heading\">Los argumentos de la ampl\u00eda mayor\u00eda que vot\u00f3 a favor<\/h2>\n\n\n\n<p>En el recinto, la\u00a0<strong>diputada radical Claudia Salas<\/strong>\u00a0argument\u00f3 que la nueva norma se apoya en un enfoque educativo y preventivo, y no persigue castigos ni criminalizaci\u00f3n, sino que busca generar conciencia, reparaci\u00f3n y compromiso.<\/p>\n\n\n\n<p>&#8220;Tenemos la responsabilidad de ofrecer respuestas concretas, herramientas claras y un mensaje \u00fanico. El cuidado y la convivencia son prioridades y compromisos que asumimos con firmeza&#8221;, explic\u00f3.<\/p>\n\n\n\n<p><strong>Emanuel Fugazzotto, del Partido Verde<\/strong>, destac\u00f3 la iniciativa y afirm\u00f3 que es un protocolo interesante y amplio que plantea &#8220;algo que es elemental, que es la participaci\u00f3n activa de todos los actores escolares, donde dice que la construcci\u00f3n de la convivencia no puede recaer exclusivamente en los equipos directivos y docentes, sino que es fundamental involucrar a los estudiantes, docentes, personal directivo, auxiliar y familia en el dise\u00f1o, implementaci\u00f3n y revisi\u00f3n de los acuerdos de convivencia&#8221;.<\/p>\n\n\n\n<p>Asimismo, sum\u00f3 que &#8220;tenemos la responsabilidad no solamente de definir pol\u00edticas p\u00fablicas, sino tambi\u00e9n de asumir nuestra responsabilidad parental&#8221; porque &#8220;la escuela forma, pero la educaci\u00f3n est\u00e1 en la casa. Esto es avanzar con uno de los actores que no puede desentenderse de esa responsabilidad&#8221;.<\/p>\n\n\n\n<p>La diputada<strong>&nbsp;Valentina Mor\u00e1n, del Partido Justicialista<\/strong>, vot\u00f3 a favor. Sin embargo, remarc\u00f3 que el proyecto tiene &#8220;una mirada punitiva que no va a solucionar un problema que es profundo y que tiene que ver con un mont\u00f3n de aristas y de causas que es necesario analizarlas&#8221;.<\/p>\n\n\n\n<p>Plante\u00f3, por un lado, la incorporaci\u00f3n de la &#8220;alfabetizaci\u00f3n digital&#8221;, y tambi\u00e9n ofrecer desde el Estado m\u00e1s herramientas al cuerpo docente y a la comunidad educativa.<\/p>\n\n\n\n<p>Mor\u00e1n puntualiz\u00f3 que existe una &#8220;falta de planes integrales que aborden esta problem\u00e1tica tan compleja, por lo que se tiene que incorporar, necesariamente, la alfabetizaci\u00f3n digital&#8221;, abogando adem\u00e1s por una &#8220;crianza digital responsable&#8221;.<\/p>\n\n\n\n<p><strong>Fuente: www.diariouno.com.ar<\/strong><\/p>\n","protected":false},"excerpt":{"rendered":"<p>De ahora en m\u00e1s, los padres ser\u00e1n corresponsables del\u00a0bullying\u00a0que realicen sus hijos a otros estudiantes dentro del \u00e1mbito escolar tanto p\u00fablico como privado. Diputados aprob\u00f3 este mi\u00e9rcoles por unanimidad el\u00a0proyecto que ya ten\u00eda media sanci\u00f3n del Senado. La iniciativa fue ideada por el\u00a0Ministerio de Educaci\u00f3n\u00a0y la\u00a0Direcci\u00f3n General de Escuelas (DGE),\u00a0ambos\u00a0a cargo de Tadeo Garc\u00eda Zalazar, [&hellip;]<\/p>\n","protected":false},"author":2,"featured_media":15796,"comment_status":"open","ping_status":"open","sticky":false,"template":"","format":"standard","meta":[],"categories":[50],"tags":[],"_links":{"self":[{"href":"https:\/\/pasaenmendoza.com\/index.php?rest_route=\/wp\/v2\/posts\/15795"}],"collection":[{"href":"https:\/\/pasaenmendoza.com\/index.php?rest_route=\/wp\/v2\/posts"}],"about":[{"href":"https:\/\/pasaenmendoza.com\/index.php?rest_route=\/wp\/v2\/types\/post"}],"author":[{"embeddable":true,"href":"https:\/\/pasaenmendoza.com\/index.php?rest_route=\/wp\/v2\/users\/2"}],"replies":[{"embeddable":true,"href":"https:\/\/pasaenmendoza.com\/index.php?rest_route=%2Fwp%2Fv2%2Fcomments&post=15795"}],"version-history":[{"count":1,"href":"https:\/\/pasaenmendoza.com\/index.php?rest_route=\/wp\/v2\/posts\/15795\/revisions"}],"predecessor-version":[{"id":15797,"href":"https:\/\/pasaenmendoza.com\/index.php?rest_route=\/wp\/v2\/posts\/15795\/revisions\/15797"}],"wp:featuredmedia":[{"embeddable":true,"href":"https:\/\/pasaenmendoza.com\/index.php?rest_route=\/wp\/v2\/media\/15796"}],"wp:attachment":[{"href":"https:\/\/pasaenmendoza.com\/index.php?rest_route=%2Fwp%2Fv2%2Fmedia&parent=15795"}],"wp:term":[{"taxonomy":"category","embeddable":true,"href":"https:\/\/pasaenmendoza.com\/index.php?rest_route=%2Fwp%2Fv2%2Fcategories&post=15795"},{"taxonomy":"post_tag","embeddable":true,"href":"https:\/\/pasaenmendoza.com\/index.php?rest_route=%2Fwp%2Fv2%2Ftags&post=15795"}],"curies":[{"name":"wp","href":"https:\/\/api.w.org\/{rel}","templated":true}]}}