{"id":15798,"date":"2025-11-19T23:22:51","date_gmt":"2025-11-19T22:22:51","guid":{"rendered":"https:\/\/pasaenmendoza.com\/?p=15798"},"modified":"2025-11-19T23:22:52","modified_gmt":"2025-11-19T22:22:52","slug":"el-presidente-del-ieral-destaco-la-expectativa-de-las-pymes-en-las-reformas-laboral-y-tributaria","status":"publish","type":"post","link":"https:\/\/pasaenmendoza.com\/?p=15798","title":{"rendered":"El presidente del IERAL destac\u00f3 la expectativa de las pymes en las reformas laboral y tributaria"},"content":{"rendered":"\n<p>Osvaldo Giordano,\u00a0<strong>economista<\/strong>\u00a0y presidente del IERAL, de la\u00a0<strong>Fundaci\u00f3n Mediterr\u00e1nea<\/strong>, asegur\u00f3 este mi\u00e9rcoles que se vive un \u201cclima de expectativa\u201d en las\u00a0<strong>pymes<\/strong>\u00a0argentinas por las reformas laboral y tributaria que impulsa el gobierno nacional.<\/p>\n\n\n\n<p>En su paso por Mendoza, donde brindar\u00e1 una charla sobre el presente de las&nbsp;<strong>pymes<\/strong>, analiz\u00f3 que, si bien el a\u00f1o fue \u201cdif\u00edcil y desafiante, se rescata optimismo m\u00e1s all\u00e1 de las dificultades\u201d.<\/p>\n\n\n\n<p>Giordano viaja a lo largo y ancho del pa\u00eds conociendo la realidad de peque\u00f1as, medianas y grandes\u00a0<strong>empresas<\/strong>. Seg\u00fan dijo, \u201ctodas coinciden en que hay preocupaci\u00f3n sobre c\u00f3mo bajar los costos, pero tambi\u00e9n hay esperanza\u201d. Esto, especialmente despu\u00e9s de las elecciones y a partir de los acuerdos comercial del gobierno nacional con Estados Unidos.<\/p>\n\n\n\n<h2 class=\"wp-block-heading\">Las reformas que piden las pymes<\/h2>\n\n\n\n<p>\u201cEl gobierno tiene que aprovechar la oportunidad. Rompi\u00f3 con m\u00e1s de medio siglo de d\u00e9ficit fiscal y es clave sostenerlo. Pero, a su vez, el ajuste se hizo de manera muy rudimentaria, por lo que ahora hay que mejorarlo\u201d, analiz\u00f3 el economista<em>.<\/em><\/p>\n\n\n\n<p>A esos cambios impulsados en la econom\u00eda argentina, Giordano cree que es clave sumarle \u201ccondimentos\u201d y enumer\u00f3 la necesidad de una&nbsp;<strong>reforma laboral<\/strong>, gobernar con presupuesto, acelerar la&nbsp;<strong>reforma tributaria y la previsional<\/strong>&nbsp;y apuntar a la mejora de la infraestructura.<\/p>\n\n\n\n<p>\u201cEl recurso humano es un problema en todas las industrias y abarca desde la conflictividad judicial hasta la preparaci\u00f3n de los j\u00f3venes. En lo laboral creo que si se hacen cambios estrat\u00e9gicos se puede tener buenos resultados, sobre todo en cuanto a la formalizaci\u00f3n del trabajo\u201d, expres\u00f3 el&nbsp;<strong>economista del IERAL<\/strong>.<\/p>\n\n\n\n<p>Por otra parte, asegur\u00f3 que \u201clos impuestos agobian a las&nbsp;<strong>pymes<\/strong>\u201d, no solo por la cantidad que de tributos que rigen las actividades, sino tambi\u00e9n por el desorden de la legislaci\u00f3n: \u201cEs un dolor de cabeza para una peque\u00f1a empresa\u201d.<\/p>\n\n\n\n<h2 class=\"wp-block-heading\">El problema de las licencias y las ART<\/h2>\n\n\n\n<p>El ministro de Econom\u00eda, Luis Caputo, apunt\u00f3 hace unos d\u00edas que la mayor\u00eda de las licencias por&nbsp;<strong>riesgo laboral<\/strong>&nbsp;est\u00e1n mal otorgadas, lo que acaba repercutiendo no solo en el andar de las empresas sino, tambi\u00e9n en las&nbsp;<strong>ART<\/strong>, encargadas de cubrir los seguros.<\/p>\n\n\n\n<p>Al respecto, Osvaldo Giordano reconoci\u00f3 que hace a\u00f1os \u201cel\u00a0<strong>sistema de riesgos de trabajo<\/strong>\u00a0est\u00e1 en crisis\u201d y que, a pesar de que se intent\u00f3 solucionar el problema con una ley nacional, las provincias instrumentan el nuevo sistema de manera parcial.<\/p>\n\n\n\n<p>\u201cLos peritos dictaminan seg\u00fan su criterio y no el de la ley\u201d, dijo y explic\u00f3 que: \u201cPara la ley una persona no tiene incapacidad, pero va a juicio y el perito se lo da\u201d.<\/p>\n\n\n\n<p>Esto genera, de acuerdo a su visi\u00f3n, \u201ccientos de miles de juicios acumulados\u201d y una consecuencia grave que fundamentalmente incide en las pymes: \u201cLas ART est\u00e1n empezando a crujir desde el punto de vista financiero\u201d.<\/p>\n\n\n\n<p>La soluci\u00f3n, afirm\u00f3 el economista, \u201ces que los poderes judiciales provinciales generen un cuerpo de peritos que aplique la&nbsp;<strong>ley de ART<\/strong>\u201d<strong>.<\/strong><\/p>\n\n\n\n<h2 class=\"wp-block-heading\">El cambio de Javier Milei en su relaci\u00f3n con las provincias<\/h2>\n\n\n\n<p>Osvaldo Giordano opin\u00f3 que el \u201cgran hito de cambio\u201d de Javier Milei se dio el domingo 26 de octubre de las elecciones de medio t\u00e9rmino, cuando anunci\u00f3 que avanzar\u00eda con las reformas y convocar\u00eda a los gobernadores.<\/p>\n\n\n\n<p>\u201cEse cambio fue tan importante como el resultado de la elecci\u00f3n. Hasta entonces, a los problemas los generaba el propio gobierno por su actitud refractaria. Ese cambio, hace viable la necesidad de implementar reformas complicadas\u201d, analiz\u00f3 y le dio un voto de confianza a la designaci\u00f3n de Diego Santilli como ministro del Interior: \u201cAbre una perspectiva para que nos pongamos de acuerdo\u201d.<\/p>\n\n\n\n<p>La charla de la que participar\u00e1 el\u00a0<strong>presidente del IERAL<\/strong>\u00a0ser\u00e1 este mi\u00e9rcoles, a las 17.30, en la Bodega Vistalba, de Luj\u00e1n de Cuyo. Tambi\u00e9n estar\u00e1 el gobernador de Mendoza, Alfredo Cornejo. El tema del conversatorio ser\u00e1: \u201c<strong>Pymes<\/strong>\u00a0que crecen entre vi\u00f1edos; desaf\u00edos y aprendizajes\u201d.<\/p>\n\n\n\n<p><strong>Fuente: www.diariouno.com.ar<\/strong><\/p>\n","protected":false},"excerpt":{"rendered":"<p>Osvaldo Giordano,\u00a0economista\u00a0y presidente del IERAL, de la\u00a0Fundaci\u00f3n Mediterr\u00e1nea, asegur\u00f3 este mi\u00e9rcoles que se vive un \u201cclima de expectativa\u201d en las\u00a0pymes\u00a0argentinas por las reformas laboral y tributaria que impulsa el gobierno nacional. En su paso por Mendoza, donde brindar\u00e1 una charla sobre el presente de las&nbsp;pymes, analiz\u00f3 que, si bien el a\u00f1o fue \u201cdif\u00edcil y desafiante, [&hellip;]<\/p>\n","protected":false},"author":2,"featured_media":15799,"comment_status":"open","ping_status":"open","sticky":false,"template":"","format":"standard","meta":[],"categories":[75],"tags":[],"_links":{"self":[{"href":"https:\/\/pasaenmendoza.com\/index.php?rest_route=\/wp\/v2\/posts\/15798"}],"collection":[{"href":"https:\/\/pasaenmendoza.com\/index.php?rest_route=\/wp\/v2\/posts"}],"about":[{"href":"https:\/\/pasaenmendoza.com\/index.php?rest_route=\/wp\/v2\/types\/post"}],"author":[{"embeddable":true,"href":"https:\/\/pasaenmendoza.com\/index.php?rest_route=\/wp\/v2\/users\/2"}],"replies":[{"embeddable":true,"href":"https:\/\/pasaenmendoza.com\/index.php?rest_route=%2Fwp%2Fv2%2Fcomments&post=15798"}],"version-history":[{"count":1,"href":"https:\/\/pasaenmendoza.com\/index.php?rest_route=\/wp\/v2\/posts\/15798\/revisions"}],"predecessor-version":[{"id":15800,"href":"https:\/\/pasaenmendoza.com\/index.php?rest_route=\/wp\/v2\/posts\/15798\/revisions\/15800"}],"wp:featuredmedia":[{"embeddable":true,"href":"https:\/\/pasaenmendoza.com\/index.php?rest_route=\/wp\/v2\/media\/15799"}],"wp:attachment":[{"href":"https:\/\/pasaenmendoza.com\/index.php?rest_route=%2Fwp%2Fv2%2Fmedia&parent=15798"}],"wp:term":[{"taxonomy":"category","embeddable":true,"href":"https:\/\/pasaenmendoza.com\/index.php?rest_route=%2Fwp%2Fv2%2Fcategories&post=15798"},{"taxonomy":"post_tag","embeddable":true,"href":"https:\/\/pasaenmendoza.com\/index.php?rest_route=%2Fwp%2Fv2%2Ftags&post=15798"}],"curies":[{"name":"wp","href":"https:\/\/api.w.org\/{rel}","templated":true}]}}