{"id":1580,"date":"2023-09-20T14:09:29","date_gmt":"2023-09-20T12:09:29","guid":{"rendered":"https:\/\/pasaenmendoza.com\/?p=1580"},"modified":"2023-09-20T14:09:38","modified_gmt":"2023-09-20T12:09:38","slug":"orozco-ahora-metio-como-asesor-a-un-ex-precandidato-a-intendente","status":"publish","type":"post","link":"https:\/\/pasaenmendoza.com\/?p=1580","title":{"rendered":"Orozco ahora meti\u00f3 como &#8220;asesor&#8221; a un ex precandidato a intendente"},"content":{"rendered":"\n<p>El intendente de Las Heras no deja de engordar la planta de funcionarios.Ahora incluy\u00f3 como &#8220;asesor&#8221; inespec\u00edfico a un dirigente del Partido de los Jubilados que fue precandidato a intendente. Ya lo hab\u00eda hecho con Germ\u00e1n Roque P\u00e9rez, due\u00f1o del local de comidas &#8220;El Bigote&#8221; y tambi\u00e9n proveedor municipal.<\/p>\n\n\n\n<p>Como lo hiciera antes con\u00a0<strong>Germ\u00e1n Roque P\u00e9rez<\/strong>, el precandidato de Petri que se pas\u00f3 a las filas de La Uni\u00f3n Mendocina, el intendente de Las Heras y candidato a vicegobernador,\u00a0<strong>Daniel Orozco<\/strong>, aprovech\u00f3 el tumulto por la sucesi\u00f3n de cosas que suceden en esa comuna para meter un\u00a0<strong>nuevo decreto de nombramiento de &#8220;asesor&#8221; inespec\u00edfico en sus funciones a Jorge Gallo<\/strong>, otro ex precandidato a\u00a0 la intendencia, esta vez por el\u00a0<strong>Partido de los Jubilados.<\/strong><\/p>\n\n\n\n<p>As\u00ed lo denunci\u00f3 el concejal radical\u00a0<strong>Hern\u00e1n Quevedo<\/strong>, al exhibir la copia del decreto, que le otorga una\u00a0<strong>Clase 40 a partir del 1 de agosto<\/strong>\u00a0al mencionado pol\u00edtico que compitiera sin llevar en su boleta a Orozco ni a Omar De Marchi, en su momento.<\/p>\n\n\n\n<p>La endeblez de las cuentas de Las Heras es socavada con numerosas medidas que alimentan la campa\u00f1a electoral de Orozco y su candidato a la sucesi\u00f3n,\u00a0<strong>Mart\u00edn Bustos.<\/strong>\u00a0Ya se conoci\u00f3 que es<strong>\u00a0la \u00fanica comuna que no hizo su rendici\u00f3n al Tribunal de Cuentas<\/strong>, otorg\u00f3\u00a0<strong>un bono de 100 mil pesos a los municipales en medio de la campa\u00f1a pol\u00edtica<\/strong>\u00a0y adem\u00e1s, ya tuvo\u00a0<strong>problemas para pagar los sueldos debido al gran n\u00famero de funcionarios pol\u00edticos<\/strong>\u00a0que ha nombrado y que la oposici\u00f3n se\u00f1ala en\u00a0<strong>&#8220;m\u00e1s de 200&#8221;<\/strong>.<\/p>\n\n\n\n<p><strong>&#8220;Asesor de qu\u00e9, no sabemos. Si sabemos que nadie es orozquista gratis&#8221;<\/strong>, se\u00f1al\u00f3 el edil Quevedo, que dio a conocer la nueva incorporaci\u00f3n a la n\u00f3mina de la pauta salarial municipal como funcionario.<\/p>\n\n\n\n<p>FUENTE: memo.com.ar<\/p>\n","protected":false},"excerpt":{"rendered":"<p>El intendente de Las Heras no deja de engordar la planta de funcionarios.Ahora incluy\u00f3 como &#8220;asesor&#8221; inespec\u00edfico a un dirigente del Partido de los Jubilados que fue precandidato a intendente. Ya lo hab\u00eda hecho con Germ\u00e1n Roque P\u00e9rez, due\u00f1o del local de comidas &#8220;El Bigote&#8221; y tambi\u00e9n proveedor municipal. Como lo hiciera antes con\u00a0Germ\u00e1n Roque [&hellip;]<\/p>\n","protected":false},"author":2,"featured_media":1582,"comment_status":"open","ping_status":"open","sticky":true,"template":"","format":"standard","meta":[],"categories":[47],"tags":[],"_links":{"self":[{"href":"https:\/\/pasaenmendoza.com\/index.php?rest_route=\/wp\/v2\/posts\/1580"}],"collection":[{"href":"https:\/\/pasaenmendoza.com\/index.php?rest_route=\/wp\/v2\/posts"}],"about":[{"href":"https:\/\/pasaenmendoza.com\/index.php?rest_route=\/wp\/v2\/types\/post"}],"author":[{"embeddable":true,"href":"https:\/\/pasaenmendoza.com\/index.php?rest_route=\/wp\/v2\/users\/2"}],"replies":[{"embeddable":true,"href":"https:\/\/pasaenmendoza.com\/index.php?rest_route=%2Fwp%2Fv2%2Fcomments&post=1580"}],"version-history":[{"count":1,"href":"https:\/\/pasaenmendoza.com\/index.php?rest_route=\/wp\/v2\/posts\/1580\/revisions"}],"predecessor-version":[{"id":1583,"href":"https:\/\/pasaenmendoza.com\/index.php?rest_route=\/wp\/v2\/posts\/1580\/revisions\/1583"}],"wp:featuredmedia":[{"embeddable":true,"href":"https:\/\/pasaenmendoza.com\/index.php?rest_route=\/wp\/v2\/media\/1582"}],"wp:attachment":[{"href":"https:\/\/pasaenmendoza.com\/index.php?rest_route=%2Fwp%2Fv2%2Fmedia&parent=1580"}],"wp:term":[{"taxonomy":"category","embeddable":true,"href":"https:\/\/pasaenmendoza.com\/index.php?rest_route=%2Fwp%2Fv2%2Fcategories&post=1580"},{"taxonomy":"post_tag","embeddable":true,"href":"https:\/\/pasaenmendoza.com\/index.php?rest_route=%2Fwp%2Fv2%2Ftags&post=1580"}],"curies":[{"name":"wp","href":"https:\/\/api.w.org\/{rel}","templated":true}]}}