{"id":15804,"date":"2025-11-19T23:31:42","date_gmt":"2025-11-19T22:31:42","guid":{"rendered":"https:\/\/pasaenmendoza.com\/?p=15804"},"modified":"2025-11-19T23:31:43","modified_gmt":"2025-11-19T22:31:43","slug":"buscan-que-la-policia-de-mendoza-pueda-disparar-sin-avisar-en-algunas-situaciones-especiales","status":"publish","type":"post","link":"https:\/\/pasaenmendoza.com\/?p=15804","title":{"rendered":"Buscan que la Polic\u00eda de Mendoza pueda disparar sin avisar en algunas situaciones especiales"},"content":{"rendered":"\n<p>La\u00a0<strong>C\u00e1mara de Diputados<\/strong>\u00a0dio\u00a0<strong>media sanci\u00f3n<\/strong>\u00a0a la reforma de la\u00a0<strong>Ley\u00a0de Polic\u00edas<\/strong>, una iniciativa que vuelve a abrir el debate sobre los l\u00edmites del\u00a0<strong>uso de\u00a0armas de fuego<\/strong>\u00a0y el equilibrio entre\u00a0<strong>seguridad p\u00fablica<\/strong>\u00a0y\u00a0<strong>garant\u00edas constitucionales<\/strong>.<\/p>\n\n\n\n<p>El proyecto, impulsado por\u00a0<strong>Gustavo Cairo<\/strong>\u00a0(LLA) y\u00a0<strong>Enrique Thomas<\/strong>\u00a0(PRO Libertad), busca adecuar la actuaci\u00f3n policial a los protocolos federales, bajo el argumento de que es necesario \u201c<strong>adecuar la actuaci\u00f3n de la polic\u00eda de Mendoza, de igual manera que las fuerzas federales<\/strong>\u201d.<\/p>\n\n\n\n<p>La reforma modifica los&nbsp;<strong>Art\u00edculos 2\u00b0 y 9\u00b0 de la Ley 6722<\/strong>, ampliando las condiciones en las que un efectivo puede emplear su&nbsp;<strong>arma reglamentaria<\/strong>, redefiniendo el concepto de&nbsp;<strong>peligro inminente<\/strong>&nbsp;e incorporando escenarios donde el polic\u00eda no deber\u00e1&nbsp;<strong>identificarse previamente<\/strong>&nbsp;antes de disparar.<\/p>\n\n\n\n<p>Seg\u00fan Cairo, el objetivo es brindar \u201c<strong>m\u00e1s seguridad a la polic\u00eda<\/strong>\u201d y evitar que un efectivo sea castigado mientras se determina judicialmente si actu\u00f3 correctamente: \u201c<strong>si el polic\u00eda ha actuado dentro del protocolo&#8230; no se lo castigue administrativamente<\/strong>\u201d.<\/p>\n\n\n\n<p>Los defensores del proyecto remarcaron que la iniciativa permite \u201c<strong>reglas claras<\/strong>\u201d para el uso del arma y que se trata de \u201c<strong>una herramienta para los buenos polic\u00edas<\/strong>\u201d, seg\u00fan cit\u00f3 Thomas en el cierre del debate. Tambi\u00e9n sostuvieron, como afirm\u00f3 la diputada\u00a0<strong>Cintia G\u00f3mez<\/strong>, que la\u00a0<strong>Ley 6722<\/strong>\u00a0\u201c<strong>necesitaba esta actualizaci\u00f3n<\/strong>\u201d, y que las fuerzas requieren un \u201c<strong>respaldo real y normativas actualizadas<\/strong>\u201d. En la misma l\u00ednea,\u00a0<strong>Mauro Giambastiani<\/strong>\u00a0justific\u00f3 su apoyo se\u00f1alando que el proyecto \u201c<strong>se pone del lado de los polic\u00edas<\/strong>\u201d.<\/p>\n\n\n\n<p>Sin embargo, desde sectores opositores surgieron advertencias sobre los riesgos de la reforma. El diputado&nbsp;<strong>Jos\u00e9 Luis Ram\u00f3n<\/strong>&nbsp;cuestion\u00f3 que la norma profundiza una l\u00f3gica de \u201c<strong>mano dura<\/strong>\u201d y que habilita que \u201c<strong>un polic\u00eda tire primero y despu\u00e9s pregunte<\/strong>\u201d. Tambi\u00e9n alert\u00f3 sobre una \u201c<strong>retracci\u00f3n de derechos<\/strong>\u201d y un retroceso en materia de&nbsp;<strong>violencia institucional<\/strong>.<\/p>\n\n\n\n<p>El diputado&nbsp;<strong>Germ\u00e1n G\u00f3mez<\/strong>&nbsp;(PJ) expres\u00f3 preocupaci\u00f3n por la introducci\u00f3n del concepto de&nbsp;<strong>peligro hipot\u00e9tico<\/strong>, al que calific\u00f3 como \u201c<strong>subjetivo<\/strong>\u201d, se\u00f1alando que el proyecto \u201c<strong>no da certezas constitucionales y puede generar abuso<\/strong>\u201d. Advirti\u00f3 adem\u00e1s que la ampliaci\u00f3n de facultades sin mecanismos de control claros podr\u00eda \u201c<strong>generar mucha incertidumbre<\/strong>\u201d en el accionar de las fuerzas.<\/p>\n\n\n\n<p>Aunque los impulsores del proyecto afirman que es una herramienta \u201c<strong>no para el gatillo f\u00e1cil<\/strong>\u201d, sino para ordenar la actuaci\u00f3n policial, la reforma deja abierta una discusi\u00f3n central: hasta qu\u00e9 punto la ampliaci\u00f3n de las facultades del\u00a0<strong>personal de seguridad<\/strong>\u00a0fortalece la protecci\u00f3n ciudadana y en qu\u00e9 medida puede tensionar derechos b\u00e1sicos que el propio Estado debe garantizar.<\/p>\n\n\n\n<p><strong>Fuente: www.diariomendoza.com.ar<\/strong><\/p>\n","protected":false},"excerpt":{"rendered":"<p>La\u00a0C\u00e1mara de Diputados\u00a0dio\u00a0media sanci\u00f3n\u00a0a la reforma de la\u00a0Ley\u00a0de Polic\u00edas, una iniciativa que vuelve a abrir el debate sobre los l\u00edmites del\u00a0uso de\u00a0armas de fuego\u00a0y el equilibrio entre\u00a0seguridad p\u00fablica\u00a0y\u00a0garant\u00edas constitucionales. El proyecto, impulsado por\u00a0Gustavo Cairo\u00a0(LLA) y\u00a0Enrique Thomas\u00a0(PRO Libertad), busca adecuar la actuaci\u00f3n policial a los protocolos federales, bajo el argumento de que es necesario \u201cadecuar la [&hellip;]<\/p>\n","protected":false},"author":2,"featured_media":15805,"comment_status":"open","ping_status":"open","sticky":false,"template":"","format":"standard","meta":[],"categories":[48],"tags":[],"_links":{"self":[{"href":"https:\/\/pasaenmendoza.com\/index.php?rest_route=\/wp\/v2\/posts\/15804"}],"collection":[{"href":"https:\/\/pasaenmendoza.com\/index.php?rest_route=\/wp\/v2\/posts"}],"about":[{"href":"https:\/\/pasaenmendoza.com\/index.php?rest_route=\/wp\/v2\/types\/post"}],"author":[{"embeddable":true,"href":"https:\/\/pasaenmendoza.com\/index.php?rest_route=\/wp\/v2\/users\/2"}],"replies":[{"embeddable":true,"href":"https:\/\/pasaenmendoza.com\/index.php?rest_route=%2Fwp%2Fv2%2Fcomments&post=15804"}],"version-history":[{"count":1,"href":"https:\/\/pasaenmendoza.com\/index.php?rest_route=\/wp\/v2\/posts\/15804\/revisions"}],"predecessor-version":[{"id":15806,"href":"https:\/\/pasaenmendoza.com\/index.php?rest_route=\/wp\/v2\/posts\/15804\/revisions\/15806"}],"wp:featuredmedia":[{"embeddable":true,"href":"https:\/\/pasaenmendoza.com\/index.php?rest_route=\/wp\/v2\/media\/15805"}],"wp:attachment":[{"href":"https:\/\/pasaenmendoza.com\/index.php?rest_route=%2Fwp%2Fv2%2Fmedia&parent=15804"}],"wp:term":[{"taxonomy":"category","embeddable":true,"href":"https:\/\/pasaenmendoza.com\/index.php?rest_route=%2Fwp%2Fv2%2Fcategories&post=15804"},{"taxonomy":"post_tag","embeddable":true,"href":"https:\/\/pasaenmendoza.com\/index.php?rest_route=%2Fwp%2Fv2%2Ftags&post=15804"}],"curies":[{"name":"wp","href":"https:\/\/api.w.org\/{rel}","templated":true}]}}