{"id":15807,"date":"2025-11-20T13:30:12","date_gmt":"2025-11-20T12:30:12","guid":{"rendered":"https:\/\/pasaenmendoza.com\/?p=15807"},"modified":"2025-11-20T13:30:13","modified_gmt":"2025-11-20T12:30:13","slug":"el-tiempo-para-este-jueves-en-mendoza-al-horno-con-zonda-y-tormentas","status":"publish","type":"post","link":"https:\/\/pasaenmendoza.com\/?p=15807","title":{"rendered":"El tiempo para este jueves en Mendoza: al horno, con Zonda y tormentas"},"content":{"rendered":"\n<p>La&nbsp;<strong>temperatura m\u00e1xima para este jueves alcanzar\u00e1 los 35 grados cent\u00edgrados<\/strong>, mientras que la m\u00ednima ser\u00e1 de unos 17 grados cent\u00edgrados.<\/p>\n\n\n\n<p>El pron\u00f3stico de la Direcci\u00f3n de Contingencias Clim\u00e1ticas adelant\u00f3 que habr\u00e1 \u201c<em><strong>ascenso de la temperatura, Zonda en precordillera y Malarg\u00fce, tormentas hacia la noche<\/strong><\/em>\u201c.<\/p>\n\n\n\n<p>El tiempo en alta monta\u00f1a: \u201cInestable en cordillera\u201d.<\/p>\n\n\n\n<h2 class=\"wp-block-heading\" id=\"h-alerta-por-vientos\">Alerta por vientos<\/h2>\n\n\n\n<p>El Servicio Meteorol\u00f3gico Nacional lanz\u00f3 un alerta en nivel amarillo para estas zonas de Mendoza en nivel amarillo:<\/p>\n\n\n\n<p><strong>Este de Las Heras \u2013 La Paz \u2013 Lavalle \u2013 San Mart\u00edn \u2013 Santa Rosa (por la noche).<\/strong><\/p>\n\n\n\n<p><strong>General Alvear \u2013 Zona baja de San Rafael (noche)<\/strong><\/p>\n\n\n\n<p>Esto implica que el \u00e1rea ser\u00e1 afectada por&nbsp;<strong>vientos del sector sur con velocidades entre 30 y 50 kil\u00f3metros por hora, con r\u00e1fagas que pueden alcanzar los 75 kil\u00f3metros por hora.<\/strong><\/p>\n\n\n\n<p><strong>Jun\u00edn \u2013 Rivadavia \u2013 Valles de Luj\u00e1n de Cuyo \u2013 Valles de San Carlos \u2013 Valles de Tunuy\u00e1n \u2013 Valles de Tupungato (tarde)<\/strong><\/p>\n\n\n\n<p><strong>Zona baja de Malarg\u00fce (ma\u00f1ana y tarde)<\/strong><\/p>\n\n\n\n<p>Esto implica que el \u00e1rea ser\u00e1 afectada por\u00a0<strong>viento Zonda con velocidades estimadas entre 30 y 50 kil\u00f3metros por hora con r\u00e1fagas que podr\u00edan alcanzar los 80 kil\u00f3metros por hora.\u00a0<\/strong>Este fen\u00f3meno puede provocar\u00a0<strong>reducci\u00f3n de la visibilidad, aumento repentino de la temperatura y condiciones de humedad relativa muy bajas.<\/strong><\/p>\n\n\n\n<p><strong>Fuente: www.elsol.com.ar<\/strong><\/p>\n","protected":false},"excerpt":{"rendered":"<p>La&nbsp;temperatura m\u00e1xima para este jueves alcanzar\u00e1 los 35 grados cent\u00edgrados, mientras que la m\u00ednima ser\u00e1 de unos 17 grados cent\u00edgrados. El pron\u00f3stico de la Direcci\u00f3n de Contingencias Clim\u00e1ticas adelant\u00f3 que habr\u00e1 \u201cascenso de la temperatura, Zonda en precordillera y Malarg\u00fce, tormentas hacia la noche\u201c. El tiempo en alta monta\u00f1a: \u201cInestable en cordillera\u201d. Alerta por vientos [&hellip;]<\/p>\n","protected":false},"author":2,"featured_media":15808,"comment_status":"open","ping_status":"open","sticky":false,"template":"","format":"standard","meta":[],"categories":[52],"tags":[],"_links":{"self":[{"href":"https:\/\/pasaenmendoza.com\/index.php?rest_route=\/wp\/v2\/posts\/15807"}],"collection":[{"href":"https:\/\/pasaenmendoza.com\/index.php?rest_route=\/wp\/v2\/posts"}],"about":[{"href":"https:\/\/pasaenmendoza.com\/index.php?rest_route=\/wp\/v2\/types\/post"}],"author":[{"embeddable":true,"href":"https:\/\/pasaenmendoza.com\/index.php?rest_route=\/wp\/v2\/users\/2"}],"replies":[{"embeddable":true,"href":"https:\/\/pasaenmendoza.com\/index.php?rest_route=%2Fwp%2Fv2%2Fcomments&post=15807"}],"version-history":[{"count":1,"href":"https:\/\/pasaenmendoza.com\/index.php?rest_route=\/wp\/v2\/posts\/15807\/revisions"}],"predecessor-version":[{"id":15809,"href":"https:\/\/pasaenmendoza.com\/index.php?rest_route=\/wp\/v2\/posts\/15807\/revisions\/15809"}],"wp:featuredmedia":[{"embeddable":true,"href":"https:\/\/pasaenmendoza.com\/index.php?rest_route=\/wp\/v2\/media\/15808"}],"wp:attachment":[{"href":"https:\/\/pasaenmendoza.com\/index.php?rest_route=%2Fwp%2Fv2%2Fmedia&parent=15807"}],"wp:term":[{"taxonomy":"category","embeddable":true,"href":"https:\/\/pasaenmendoza.com\/index.php?rest_route=%2Fwp%2Fv2%2Fcategories&post=15807"},{"taxonomy":"post_tag","embeddable":true,"href":"https:\/\/pasaenmendoza.com\/index.php?rest_route=%2Fwp%2Fv2%2Ftags&post=15807"}],"curies":[{"name":"wp","href":"https:\/\/api.w.org\/{rel}","templated":true}]}}