{"id":15813,"date":"2025-11-20T13:41:05","date_gmt":"2025-11-20T12:41:05","guid":{"rendered":"https:\/\/pasaenmendoza.com\/?p=15813"},"modified":"2025-11-20T13:41:06","modified_gmt":"2025-11-20T12:41:06","slug":"se-incendio-un-camion-en-la-ruta-7-cargaba-motos-que-se-incineraron","status":"publish","type":"post","link":"https:\/\/pasaenmendoza.com\/?p=15813","title":{"rendered":"Se incendi\u00f3 un cami\u00f3n en la ruta 7: cargaba motos, que se incineraron"},"content":{"rendered":"\n<p>Un&nbsp;<strong>cami\u00f3n que transportaba m\u00e1s de 80 motocicletas se incendi\u00f3 sobre la ruta 7<\/strong>&nbsp;a la altura de La Paz.<\/p>\n\n\n\n<p>El siniestro se declar\u00f3 minutos despu\u00e9s de las 6, cuando el rodado lleg\u00f3 al kil\u00f3metro 912 y comenz\u00f3 a prenderse fuego.<\/p>\n\n\n\n<p>El alerta salt\u00f3 a trav\u00e9s de un llamado al 911 sobre\u00a0<strong>el semirremolque que transportaba 83 motocicletas marca Corven, que se quemaron totalmente.<\/strong><\/p>\n\n\n\n<p>No se registraron personas lesionadas.<\/p>\n\n\n\n<p>Trabaj\u00f3 personal de Bomberos de La Paz.<\/p>\n\n\n\n<p>Intervino Oficina Fiscal de La Paz.<\/p>\n\n\n\n<p><strong>Fuente: www.elsol.com.ar<\/strong><\/p>\n","protected":false},"excerpt":{"rendered":"<p>Un&nbsp;cami\u00f3n que transportaba m\u00e1s de 80 motocicletas se incendi\u00f3 sobre la ruta 7&nbsp;a la altura de La Paz. El siniestro se declar\u00f3 minutos despu\u00e9s de las 6, cuando el rodado lleg\u00f3 al kil\u00f3metro 912 y comenz\u00f3 a prenderse fuego. El alerta salt\u00f3 a trav\u00e9s de un llamado al 911 sobre\u00a0el semirremolque que transportaba 83 motocicletas [&hellip;]<\/p>\n","protected":false},"author":2,"featured_media":15814,"comment_status":"open","ping_status":"open","sticky":false,"template":"","format":"standard","meta":[],"categories":[48],"tags":[],"_links":{"self":[{"href":"https:\/\/pasaenmendoza.com\/index.php?rest_route=\/wp\/v2\/posts\/15813"}],"collection":[{"href":"https:\/\/pasaenmendoza.com\/index.php?rest_route=\/wp\/v2\/posts"}],"about":[{"href":"https:\/\/pasaenmendoza.com\/index.php?rest_route=\/wp\/v2\/types\/post"}],"author":[{"embeddable":true,"href":"https:\/\/pasaenmendoza.com\/index.php?rest_route=\/wp\/v2\/users\/2"}],"replies":[{"embeddable":true,"href":"https:\/\/pasaenmendoza.com\/index.php?rest_route=%2Fwp%2Fv2%2Fcomments&post=15813"}],"version-history":[{"count":1,"href":"https:\/\/pasaenmendoza.com\/index.php?rest_route=\/wp\/v2\/posts\/15813\/revisions"}],"predecessor-version":[{"id":15815,"href":"https:\/\/pasaenmendoza.com\/index.php?rest_route=\/wp\/v2\/posts\/15813\/revisions\/15815"}],"wp:featuredmedia":[{"embeddable":true,"href":"https:\/\/pasaenmendoza.com\/index.php?rest_route=\/wp\/v2\/media\/15814"}],"wp:attachment":[{"href":"https:\/\/pasaenmendoza.com\/index.php?rest_route=%2Fwp%2Fv2%2Fmedia&parent=15813"}],"wp:term":[{"taxonomy":"category","embeddable":true,"href":"https:\/\/pasaenmendoza.com\/index.php?rest_route=%2Fwp%2Fv2%2Fcategories&post=15813"},{"taxonomy":"post_tag","embeddable":true,"href":"https:\/\/pasaenmendoza.com\/index.php?rest_route=%2Fwp%2Fv2%2Ftags&post=15813"}],"curies":[{"name":"wp","href":"https:\/\/api.w.org\/{rel}","templated":true}]}}