{"id":15816,"date":"2025-11-20T22:46:17","date_gmt":"2025-11-20T21:46:17","guid":{"rendered":"https:\/\/pasaenmendoza.com\/?p=15816"},"modified":"2025-11-20T22:49:20","modified_gmt":"2025-11-20T21:49:20","slug":"la-dge-suspendio-las-clases-por-viento-zonda-en-el-sur-de-mendoza","status":"publish","type":"post","link":"https:\/\/pasaenmendoza.com\/?p=15816","title":{"rendered":"La DGE suspendi\u00f3 las clases por viento Zonda en el sur de Mendoza"},"content":{"rendered":"\n<p>El dictado de&nbsp;<strong>clases&nbsp;<\/strong>fue suspendido para los departamentos del&nbsp;<strong>Sur<\/strong>&nbsp;y&nbsp;<strong>Valle de Uco<\/strong>&nbsp;de&nbsp;<strong>Mendoza&nbsp;<\/strong>por el pron\u00f3stico de fuertes r\u00e1fagas de&nbsp;<strong>viento Zonda<\/strong>&nbsp;durante la tarde de este jueves. En el resto de la provincia la actividad escolar se mantiene con normalidad.<\/p>\n\n\n\n<p>La Direcci\u00f3n General de Escuelas (<strong>DGE<\/strong>) inform\u00f3 que la medida rige para todas las modalidades y niveles del turno tarde de las escuelas de&nbsp;<strong>San Carlos, Tunuy\u00e1n, Tupungato, San Rafael<\/strong>,&nbsp;<strong>General Alvear<\/strong>&nbsp;y&nbsp;<strong>Malarg\u00fce<\/strong>.<\/p>\n\n\n\n<p>Seg\u00fan indicaron, la decisi\u00f3n fue tomada por recomendaci\u00f3n de&nbsp;<strong>Defensa Civil<\/strong>, quienes advirtieron que los pron\u00f3sticos adelantaron que se esperan fuertes r\u00e1fagas de<strong>&nbsp;viento Zonda<\/strong>&nbsp;durante la tarde.<\/p>\n\n\n\n<h2 class=\"wp-block-heading\">El viento Zonda afectar\u00e1 el sur de Mendoza<\/h2>\n\n\n\n<p>Tras el anuncio de la&nbsp;<strong>suspensi\u00f3n&nbsp;<\/strong>de las&nbsp;<strong>clases&nbsp;<\/strong>presenciales para el turno tarde en el sur, la&nbsp;<strong>DGE&nbsp;<\/strong>asegur\u00f3 que el resto de la provincia contin\u00faa con las actividades normales durante este jueves.<\/p>\n\n\n\n<p>Adem\u00e1s, se\u00f1alaron que en&nbsp;<strong>San Rafael<\/strong>,&nbsp;<strong>General Alvear&nbsp;<\/strong>y en&nbsp;<strong>Malarg\u00fce<\/strong>, las clases deber\u00e1n ser dictadas de manera virtual a trav\u00e9s de la plataforma educativa Escuela Digital Mendoza.<\/p>\n\n\n\n<p>Luego del&nbsp;<strong>viento Zonda&nbsp;<\/strong>se espera la llegada de un frente fr\u00edo con fuertes r\u00e1fagas de viento sur, que llegar\u00e1 acompa\u00f1ado de&nbsp;<strong>lluvias y tormentas&nbsp;<\/strong>en algunos sectores de&nbsp;<strong>Mendoza<\/strong>.<\/p>\n\n\n\n<p><strong>Fuente: www.diariouno.com.ar<\/strong><\/p>\n","protected":false},"excerpt":{"rendered":"<p>El dictado de&nbsp;clases&nbsp;fue suspendido para los departamentos del&nbsp;Sur&nbsp;y&nbsp;Valle de Uco&nbsp;de&nbsp;Mendoza&nbsp;por el pron\u00f3stico de fuertes r\u00e1fagas de&nbsp;viento Zonda&nbsp;durante la tarde de este jueves. En el resto de la provincia la actividad escolar se mantiene con normalidad. La Direcci\u00f3n General de Escuelas (DGE) inform\u00f3 que la medida rige para todas las modalidades y niveles del turno tarde [&hellip;]<\/p>\n","protected":false},"author":2,"featured_media":15817,"comment_status":"open","ping_status":"open","sticky":false,"template":"","format":"standard","meta":[],"categories":[121],"tags":[],"_links":{"self":[{"href":"https:\/\/pasaenmendoza.com\/index.php?rest_route=\/wp\/v2\/posts\/15816"}],"collection":[{"href":"https:\/\/pasaenmendoza.com\/index.php?rest_route=\/wp\/v2\/posts"}],"about":[{"href":"https:\/\/pasaenmendoza.com\/index.php?rest_route=\/wp\/v2\/types\/post"}],"author":[{"embeddable":true,"href":"https:\/\/pasaenmendoza.com\/index.php?rest_route=\/wp\/v2\/users\/2"}],"replies":[{"embeddable":true,"href":"https:\/\/pasaenmendoza.com\/index.php?rest_route=%2Fwp%2Fv2%2Fcomments&post=15816"}],"version-history":[{"count":2,"href":"https:\/\/pasaenmendoza.com\/index.php?rest_route=\/wp\/v2\/posts\/15816\/revisions"}],"predecessor-version":[{"id":15819,"href":"https:\/\/pasaenmendoza.com\/index.php?rest_route=\/wp\/v2\/posts\/15816\/revisions\/15819"}],"wp:featuredmedia":[{"embeddable":true,"href":"https:\/\/pasaenmendoza.com\/index.php?rest_route=\/wp\/v2\/media\/15817"}],"wp:attachment":[{"href":"https:\/\/pasaenmendoza.com\/index.php?rest_route=%2Fwp%2Fv2%2Fmedia&parent=15816"}],"wp:term":[{"taxonomy":"category","embeddable":true,"href":"https:\/\/pasaenmendoza.com\/index.php?rest_route=%2Fwp%2Fv2%2Fcategories&post=15816"},{"taxonomy":"post_tag","embeddable":true,"href":"https:\/\/pasaenmendoza.com\/index.php?rest_route=%2Fwp%2Fv2%2Ftags&post=15816"}],"curies":[{"name":"wp","href":"https:\/\/api.w.org\/{rel}","templated":true}]}}