{"id":15820,"date":"2025-11-20T23:34:36","date_gmt":"2025-11-20T22:34:36","guid":{"rendered":"https:\/\/pasaenmendoza.com\/?p=15820"},"modified":"2025-11-20T23:34:37","modified_gmt":"2025-11-20T22:34:37","slug":"casi-no-habra-feriado-para-los-comercios-del-centro-durante-el-finde-xl","status":"publish","type":"post","link":"https:\/\/pasaenmendoza.com\/?p=15820","title":{"rendered":"Casi no habr\u00e1 feriado para los comercios del centro durante el finde XL"},"content":{"rendered":"\n<p>Se viene un\u00a0<strong>fin de semana XL por el feriado<\/strong>\u00a0del D\u00eda de la Soberan\u00eda nacional. M\u00e1s all\u00e1 de la expectativa de flujo de turistas, a diferencia de otras fechas la mayor\u00eda de los\u00a0<strong>comercios<\/strong>\u00a0del centro de la\u00a0<strong>Ciudad de Mendoza<\/strong>\u00a0permanecer\u00e1n abiertos, seg\u00fan la C\u00e1mara Empresaria de Comercio, Industria, Turismo y Servicios de la Ciudad de Mendoza (Cecitys).<\/p>\n\n\n\n<p>Esto aplica tanto al feriado puente tur\u00edstico de este viernes&nbsp;<strong>21 de noviembre&nbsp;<\/strong>(d\u00eda no laborable), como al del<strong>&nbsp;lunes 24&nbsp;<\/strong>(feriado nacional).<\/p>\n\n\n\n<p>&#8220;El 21 de noviembre la actividad comercial ser\u00e1 pr\u00e1cticamente normal&#8221;, se\u00f1al\u00f3 la Cecitys. Es la conclusi\u00f3n de una encuesta realizada por la c\u00e1mara empresaria presidida por Adri\u00e1n Al\u00edn a m\u00e1s de un centenar de locales de Ciudad.<\/p>\n\n\n\n<p>La decisi\u00f3n est\u00e1 en sinton\u00eda con el car\u00e1cter de &#8220;feriado puente&#8221; del \u00faltimo d\u00eda h\u00e1bil de la semana que aplica mayormente a la administraci\u00f3n p\u00fablica. Y tambi\u00e9n a las escuelas.<\/p>\n\n\n\n<p>El panorama dista del de otros departamentos como&nbsp;<strong>Maip\u00fa<\/strong>, donde muchos comercios optaron por balancear ambos d\u00edas.<\/p>\n\n\n\n<h2 class=\"wp-block-heading\">Los comercios y el feriado del lunes<\/h2>\n\n\n\n<p>Sin embargo, la encuesta confirm\u00f3 que la posici\u00f3n de los comercios en cuanto a la atenci\u00f3n al p\u00fablico cambia de cara al&nbsp;<strong>lunes 24 de noviembre<\/strong>, el &#8220;verdadero&#8221; feriado.<\/p>\n\n\n\n<p>Al respecto, arroj\u00f3 datos concretos: cerca del<strong>&nbsp;70% de encuestados&nbsp;<\/strong>abrir\u00e1n sus puertas<strong>&nbsp;medio d\u00eda<\/strong>&nbsp;y algunos<strong>&nbsp;jornada completa.<\/strong><\/p>\n\n\n\n<p>M\u00e1s all\u00e1 de la crisis de consumo, la proporci\u00f3n de locales que atender\u00e1n a los clientes como cualquier otra jornada decay\u00f3 respecto del anterior\u00a0<strong>fin de semana XL<\/strong>. Para el\u00a0feriado del 10 de octubre, el<strong>\u00a085% de los comerciantes decidi\u00f3 abrir\u00a0<\/strong>en horario corrido o el tradicional 4 y 4, aunque no se reflej\u00f3 en consumo al menos de los turistas.<\/p>\n\n\n\n<p>En el caso de algunas comunas del Gran Mendoza, para la mayor\u00eda de los locales este viernes ser\u00e1 un d\u00eda normal. En cambio, permanecer\u00e1n cerrados el pr\u00f3ximo lunes 24 en sinton\u00eda con el\u00a0<strong>feriado<\/strong>\u00a0del D\u00eda de la Soberan\u00eda.<\/p>\n\n\n\n<p><strong>Fuente: www.diariouno.com.ar<\/strong><\/p>\n","protected":false},"excerpt":{"rendered":"<p>Se viene un\u00a0fin de semana XL por el feriado\u00a0del D\u00eda de la Soberan\u00eda nacional. M\u00e1s all\u00e1 de la expectativa de flujo de turistas, a diferencia de otras fechas la mayor\u00eda de los\u00a0comercios\u00a0del centro de la\u00a0Ciudad de Mendoza\u00a0permanecer\u00e1n abiertos, seg\u00fan la C\u00e1mara Empresaria de Comercio, Industria, Turismo y Servicios de la Ciudad de Mendoza (Cecitys). Esto [&hellip;]<\/p>\n","protected":false},"author":2,"featured_media":15821,"comment_status":"open","ping_status":"open","sticky":false,"template":"","format":"standard","meta":[],"categories":[112],"tags":[],"_links":{"self":[{"href":"https:\/\/pasaenmendoza.com\/index.php?rest_route=\/wp\/v2\/posts\/15820"}],"collection":[{"href":"https:\/\/pasaenmendoza.com\/index.php?rest_route=\/wp\/v2\/posts"}],"about":[{"href":"https:\/\/pasaenmendoza.com\/index.php?rest_route=\/wp\/v2\/types\/post"}],"author":[{"embeddable":true,"href":"https:\/\/pasaenmendoza.com\/index.php?rest_route=\/wp\/v2\/users\/2"}],"replies":[{"embeddable":true,"href":"https:\/\/pasaenmendoza.com\/index.php?rest_route=%2Fwp%2Fv2%2Fcomments&post=15820"}],"version-history":[{"count":1,"href":"https:\/\/pasaenmendoza.com\/index.php?rest_route=\/wp\/v2\/posts\/15820\/revisions"}],"predecessor-version":[{"id":15822,"href":"https:\/\/pasaenmendoza.com\/index.php?rest_route=\/wp\/v2\/posts\/15820\/revisions\/15822"}],"wp:featuredmedia":[{"embeddable":true,"href":"https:\/\/pasaenmendoza.com\/index.php?rest_route=\/wp\/v2\/media\/15821"}],"wp:attachment":[{"href":"https:\/\/pasaenmendoza.com\/index.php?rest_route=%2Fwp%2Fv2%2Fmedia&parent=15820"}],"wp:term":[{"taxonomy":"category","embeddable":true,"href":"https:\/\/pasaenmendoza.com\/index.php?rest_route=%2Fwp%2Fv2%2Fcategories&post=15820"},{"taxonomy":"post_tag","embeddable":true,"href":"https:\/\/pasaenmendoza.com\/index.php?rest_route=%2Fwp%2Fv2%2Ftags&post=15820"}],"curies":[{"name":"wp","href":"https:\/\/api.w.org\/{rel}","templated":true}]}}