{"id":15823,"date":"2025-11-20T23:37:40","date_gmt":"2025-11-20T22:37:40","guid":{"rendered":"https:\/\/pasaenmendoza.com\/?p=15823"},"modified":"2025-11-20T23:37:46","modified_gmt":"2025-11-20T22:37:46","slug":"el-paso-a-chile-colapso-en-la-previa-del-fin-de-semana-largo-por-lo-menos-150-minutos-de-demora","status":"publish","type":"post","link":"https:\/\/pasaenmendoza.com\/?p=15823","title":{"rendered":"El paso a Chile colaps\u00f3 en la previa del fin de semana largo: por lo menos 150 minutos de demora"},"content":{"rendered":"\n<p>En la previa del fin de semana largo, cientos de mendocinos decidieron cruzar este jueves al vecino pa\u00eds para anticiparse a las posibles demoras. Sin embargo, el\u00a0<strong>paso Cristo Redentor<\/strong>\u00a0colaps\u00f3 despu\u00e9s de permanecer unas 10 horas cerrado por trabajos en el t\u00fanel internacional. As\u00ed, los tr\u00e1mites aduaneros en el complejo Los Libertadores se extendieron al menos por 150 minutos.<\/p>\n\n\n\n<p>La novedad en el cruce internacional fue comunicada por las autoridades del corredor bioce\u00e1nico, por lo que recomendaron armarse de paciencia a la hora de emprender el viaje a Chile.<\/p>\n\n\n\n<p>Al parecer, son muchos los que optaron por pasar unas minivacaciones en las playas de la Costa del Pac\u00edfico antes de las fiestas de fin de a\u00f1o. Incluso, varios aprovechar\u00e1n para realizar las t\u00edpicas compras en los centros comerciales de Vi\u00f1a del Mar o Santiago, donde las promociones suelen ser m\u00e1s que tentadoras.<\/p>\n\n\n\n<h2 class=\"wp-block-heading\">Las obras en el paso a Chile<\/h2>\n\n\n\n<p>El mi\u00e9rcoles a las 22 se hab\u00eda interrumpido el tr\u00e1nsito en la localidad de Uspallata a ra\u00edz de los trabajos que se ten\u00eda que realizar en el t\u00fanel internacional Cristo Redentor.<\/p>\n\n\n\n<p>A partir de la medianoche arrancar\u00edan los tareas en la calzada de parte de personal de Vialidad Nacional, las cuales se extendieron hasta las 7 de este jueves. A media ma\u00f1ana se inform\u00f3 que la circulaci\u00f3n vehicular era normal, lo que dur\u00f3 poco tiempo.<\/p>\n\n\n\n<p>Por otro lado, anunciaron que el 26 de noviembre quedar\u00e1 habilitado\u00a0el paso fronterizo Agua Negra\u00a0en San Juan con el fin de agilizar el tr\u00e1nsito hacia y desde Chile. Por el Pehuenche, en Malarg\u00fce, tambi\u00e9n se puede atravesar la cordillera.<\/p>\n\n\n\n<p><strong>Fuente: www.diariouno.com.ar<\/strong><\/p>\n","protected":false},"excerpt":{"rendered":"<p>En la previa del fin de semana largo, cientos de mendocinos decidieron cruzar este jueves al vecino pa\u00eds para anticiparse a las posibles demoras. Sin embargo, el\u00a0paso Cristo Redentor\u00a0colaps\u00f3 despu\u00e9s de permanecer unas 10 horas cerrado por trabajos en el t\u00fanel internacional. As\u00ed, los tr\u00e1mites aduaneros en el complejo Los Libertadores se extendieron al menos [&hellip;]<\/p>\n","protected":false},"author":2,"featured_media":15824,"comment_status":"open","ping_status":"open","sticky":false,"template":"","format":"standard","meta":[],"categories":[66],"tags":[],"_links":{"self":[{"href":"https:\/\/pasaenmendoza.com\/index.php?rest_route=\/wp\/v2\/posts\/15823"}],"collection":[{"href":"https:\/\/pasaenmendoza.com\/index.php?rest_route=\/wp\/v2\/posts"}],"about":[{"href":"https:\/\/pasaenmendoza.com\/index.php?rest_route=\/wp\/v2\/types\/post"}],"author":[{"embeddable":true,"href":"https:\/\/pasaenmendoza.com\/index.php?rest_route=\/wp\/v2\/users\/2"}],"replies":[{"embeddable":true,"href":"https:\/\/pasaenmendoza.com\/index.php?rest_route=%2Fwp%2Fv2%2Fcomments&post=15823"}],"version-history":[{"count":1,"href":"https:\/\/pasaenmendoza.com\/index.php?rest_route=\/wp\/v2\/posts\/15823\/revisions"}],"predecessor-version":[{"id":15825,"href":"https:\/\/pasaenmendoza.com\/index.php?rest_route=\/wp\/v2\/posts\/15823\/revisions\/15825"}],"wp:featuredmedia":[{"embeddable":true,"href":"https:\/\/pasaenmendoza.com\/index.php?rest_route=\/wp\/v2\/media\/15824"}],"wp:attachment":[{"href":"https:\/\/pasaenmendoza.com\/index.php?rest_route=%2Fwp%2Fv2%2Fmedia&parent=15823"}],"wp:term":[{"taxonomy":"category","embeddable":true,"href":"https:\/\/pasaenmendoza.com\/index.php?rest_route=%2Fwp%2Fv2%2Fcategories&post=15823"},{"taxonomy":"post_tag","embeddable":true,"href":"https:\/\/pasaenmendoza.com\/index.php?rest_route=%2Fwp%2Fv2%2Ftags&post=15823"}],"curies":[{"name":"wp","href":"https:\/\/api.w.org\/{rel}","templated":true}]}}