{"id":15826,"date":"2025-11-20T23:49:09","date_gmt":"2025-11-20T22:49:09","guid":{"rendered":"https:\/\/pasaenmendoza.com\/?p=15826"},"modified":"2025-11-20T23:49:10","modified_gmt":"2025-11-20T22:49:10","slug":"guaymallen-inaugurara-un-nuevo-centro-de-atencion-para-perros-y-gatos-del-departamento","status":"publish","type":"post","link":"https:\/\/pasaenmendoza.com\/?p=15826","title":{"rendered":"Guaymall\u00e9n inaugurar\u00e1 un nuevo centro de atenci\u00f3n para perros y gatos del departamento"},"content":{"rendered":"\n<p><strong><br>Guaymall\u00e9n\u00a0presentar\u00e1 esta semana un\u00a0nuevo espacio\u00a0destinado a mejorar la atenci\u00f3n veterinaria y el acceso a servicios b\u00e1sicos para\u00a0mascotas.<\/strong>\u00a0El municipio inaugurar\u00e1 el\u00a0<strong>Centro Integral Veterinario<\/strong>\u00a0el\u00a0<strong>martes 25 de noviembre a las 10<\/strong>\u00a0en el predio donde actualmente funciona el\u00a0<strong>Quir\u00f3fano Fijo Municipal<\/strong>, ubicado en el distrito\u00a0<strong>El Sauce<\/strong>.<\/p>\n\n\n\n<p>Seg\u00fan informaron desde la comuna, el objetivo del proyecto es ofrecer un servicio\u00a0<strong>cercano<\/strong>,\u00a0<strong>accesible<\/strong>\u00a0y orientado tanto al\u00a0<strong>bienestar animal<\/strong>\u00a0como a la\u00a0<strong>prevenci\u00f3n en salud p\u00fablica<\/strong>. El nuevo espacio fue dise\u00f1ado para atender la creciente demanda de\u00a0<strong>consultas primarias<\/strong>, promover la\u00a0<strong>tenencia responsable<\/strong>\u00a0y facilitar el acceso a\u00a0<strong>servicios veterinarios esenciales<\/strong>.<\/p>\n\n\n\n<p>El&nbsp;<strong>Centro Integral Veterinario<\/strong>&nbsp;contar\u00e1 con un&nbsp;<strong>Consultorio de Atenci\u00f3n Primaria Veterinaria<\/strong>, donde los vecinos podr\u00e1n recibir&nbsp;<strong>evaluaci\u00f3n cl\u00ednica b\u00e1sica<\/strong>&nbsp;para&nbsp;<strong>perros y gatos<\/strong>,&nbsp;<strong>orientaci\u00f3n sanitaria<\/strong>,&nbsp;<strong>seguimiento<\/strong>,&nbsp;<strong>curaciones simples<\/strong>,&nbsp;<strong>acciones preventivas en salud animal<\/strong>&nbsp;y&nbsp;<strong>asesoramiento en tenencia responsable<\/strong>.<\/p>\n\n\n\n<p>Desde el municipio destacan que la iniciativa permitir\u00e1 reforzar la\u00a0<strong>prevenci\u00f3n de enfermedades zoon\u00f3ticas<\/strong>, una medida considerada clave para proteger la\u00a0<strong>salud p\u00fablica<\/strong>\u00a0y reducir riesgos epidemiol\u00f3gicos.<\/p>\n\n\n\n<p>El acto inaugural se realizar\u00e1 el martes 25 y ser\u00e1 abierto a la comunidad. La atenci\u00f3n posterior requerir\u00e1\u00a0<strong>turno previo<\/strong>, que deber\u00e1 solicitarse al\u00a0<strong>4498287<\/strong>, de lunes a viernes, de\u00a0<strong>8 a 13<\/strong>.<\/p>\n\n\n\n<p><strong>Fuente: www.diariomendoza.com.ar<\/strong><\/p>\n","protected":false},"excerpt":{"rendered":"<p>Guaymall\u00e9n\u00a0presentar\u00e1 esta semana un\u00a0nuevo espacio\u00a0destinado a mejorar la atenci\u00f3n veterinaria y el acceso a servicios b\u00e1sicos para\u00a0mascotas.\u00a0El municipio inaugurar\u00e1 el\u00a0Centro Integral Veterinario\u00a0el\u00a0martes 25 de noviembre a las 10\u00a0en el predio donde actualmente funciona el\u00a0Quir\u00f3fano Fijo Municipal, ubicado en el distrito\u00a0El Sauce. Seg\u00fan informaron desde la comuna, el objetivo del proyecto es ofrecer un servicio\u00a0cercano,\u00a0accesible\u00a0y orientado [&hellip;]<\/p>\n","protected":false},"author":2,"featured_media":15827,"comment_status":"open","ping_status":"open","sticky":false,"template":"","format":"standard","meta":[],"categories":[50],"tags":[],"_links":{"self":[{"href":"https:\/\/pasaenmendoza.com\/index.php?rest_route=\/wp\/v2\/posts\/15826"}],"collection":[{"href":"https:\/\/pasaenmendoza.com\/index.php?rest_route=\/wp\/v2\/posts"}],"about":[{"href":"https:\/\/pasaenmendoza.com\/index.php?rest_route=\/wp\/v2\/types\/post"}],"author":[{"embeddable":true,"href":"https:\/\/pasaenmendoza.com\/index.php?rest_route=\/wp\/v2\/users\/2"}],"replies":[{"embeddable":true,"href":"https:\/\/pasaenmendoza.com\/index.php?rest_route=%2Fwp%2Fv2%2Fcomments&post=15826"}],"version-history":[{"count":1,"href":"https:\/\/pasaenmendoza.com\/index.php?rest_route=\/wp\/v2\/posts\/15826\/revisions"}],"predecessor-version":[{"id":15828,"href":"https:\/\/pasaenmendoza.com\/index.php?rest_route=\/wp\/v2\/posts\/15826\/revisions\/15828"}],"wp:featuredmedia":[{"embeddable":true,"href":"https:\/\/pasaenmendoza.com\/index.php?rest_route=\/wp\/v2\/media\/15827"}],"wp:attachment":[{"href":"https:\/\/pasaenmendoza.com\/index.php?rest_route=%2Fwp%2Fv2%2Fmedia&parent=15826"}],"wp:term":[{"taxonomy":"category","embeddable":true,"href":"https:\/\/pasaenmendoza.com\/index.php?rest_route=%2Fwp%2Fv2%2Fcategories&post=15826"},{"taxonomy":"post_tag","embeddable":true,"href":"https:\/\/pasaenmendoza.com\/index.php?rest_route=%2Fwp%2Fv2%2Ftags&post=15826"}],"curies":[{"name":"wp","href":"https:\/\/api.w.org\/{rel}","templated":true}]}}