{"id":15829,"date":"2025-11-21T13:32:21","date_gmt":"2025-11-21T12:32:21","guid":{"rendered":"https:\/\/pasaenmendoza.com\/?p=15829"},"modified":"2025-11-21T13:32:22","modified_gmt":"2025-11-21T12:32:22","slug":"viernes-fresco-pero-se-vienen-dias-calurosos","status":"publish","type":"post","link":"https:\/\/pasaenmendoza.com\/?p=15829","title":{"rendered":"Viernes fresco pero se vienen d\u00edas calurosos"},"content":{"rendered":"\n<p>Este viernes termina la semana con\u00a0<strong>temperatura fresca y cielo algo nublado<\/strong>.<\/p>\n\n\n\n<p>Seg\u00fan los datos del\u00a0Servicio Meteorol\u00f3gico Nacional, la m\u00e1xima esperada para hoy ser\u00e1 de<strong>\u00a024\u00b0<\/strong>, mientras que la m\u00ednima fue de 16\u00b0.<\/p>\n\n\n\n<p>La humedad es del 48% y no se prev\u00e9n precipitaciones.<\/p>\n\n\n\n<p>Hay viento leve del Norte.\u00a0<\/p>\n\n\n\n<p>Para ma\u00f1ana s\u00e1bado, se espera ascenso de la temperatura,\u00a0<strong>m\u00e1xima de 30\u00b0<\/strong>\u00a0y cielo parcialmente nublado.\u00a0<\/p>\n\n\n\n<p>El domingo y la semana pr\u00f3xima\u00a0<strong>volveremos al calor.<\/strong>\u00a0<\/p>\n\n\n\n<p><strong>Fuente: www.mendozapost.com<\/strong><\/p>\n","protected":false},"excerpt":{"rendered":"<p>Este viernes termina la semana con\u00a0temperatura fresca y cielo algo nublado. Seg\u00fan los datos del\u00a0Servicio Meteorol\u00f3gico Nacional, la m\u00e1xima esperada para hoy ser\u00e1 de\u00a024\u00b0, mientras que la m\u00ednima fue de 16\u00b0. La humedad es del 48% y no se prev\u00e9n precipitaciones. Hay viento leve del Norte.\u00a0 Para ma\u00f1ana s\u00e1bado, se espera ascenso de la temperatura,\u00a0m\u00e1xima [&hellip;]<\/p>\n","protected":false},"author":2,"featured_media":15830,"comment_status":"open","ping_status":"open","sticky":false,"template":"","format":"standard","meta":[],"categories":[52],"tags":[],"_links":{"self":[{"href":"https:\/\/pasaenmendoza.com\/index.php?rest_route=\/wp\/v2\/posts\/15829"}],"collection":[{"href":"https:\/\/pasaenmendoza.com\/index.php?rest_route=\/wp\/v2\/posts"}],"about":[{"href":"https:\/\/pasaenmendoza.com\/index.php?rest_route=\/wp\/v2\/types\/post"}],"author":[{"embeddable":true,"href":"https:\/\/pasaenmendoza.com\/index.php?rest_route=\/wp\/v2\/users\/2"}],"replies":[{"embeddable":true,"href":"https:\/\/pasaenmendoza.com\/index.php?rest_route=%2Fwp%2Fv2%2Fcomments&post=15829"}],"version-history":[{"count":1,"href":"https:\/\/pasaenmendoza.com\/index.php?rest_route=\/wp\/v2\/posts\/15829\/revisions"}],"predecessor-version":[{"id":15831,"href":"https:\/\/pasaenmendoza.com\/index.php?rest_route=\/wp\/v2\/posts\/15829\/revisions\/15831"}],"wp:featuredmedia":[{"embeddable":true,"href":"https:\/\/pasaenmendoza.com\/index.php?rest_route=\/wp\/v2\/media\/15830"}],"wp:attachment":[{"href":"https:\/\/pasaenmendoza.com\/index.php?rest_route=%2Fwp%2Fv2%2Fmedia&parent=15829"}],"wp:term":[{"taxonomy":"category","embeddable":true,"href":"https:\/\/pasaenmendoza.com\/index.php?rest_route=%2Fwp%2Fv2%2Fcategories&post=15829"},{"taxonomy":"post_tag","embeddable":true,"href":"https:\/\/pasaenmendoza.com\/index.php?rest_route=%2Fwp%2Fv2%2Ftags&post=15829"}],"curies":[{"name":"wp","href":"https:\/\/api.w.org\/{rel}","templated":true}]}}