{"id":1584,"date":"2023-09-20T14:16:06","date_gmt":"2023-09-20T12:16:06","guid":{"rendered":"https:\/\/pasaenmendoza.com\/?p=1584"},"modified":"2023-09-20T14:16:07","modified_gmt":"2023-09-20T12:16:07","slug":"ganancias-como-votaron-los-diputados-mendocinos-la-reforma-del-impuesto","status":"publish","type":"post","link":"https:\/\/pasaenmendoza.com\/?p=1584","title":{"rendered":"Ganancias: c\u00f3mo votaron los diputados mendocinos la reforma del impuesto"},"content":{"rendered":"\n<p>El proyecto obtuvo la media sanci\u00f3n con 135 votos positivos, 103 negativos y ninguna abstenci\u00f3n. La chicana de Omar Parisi.<\/p>\n\n\n\n<p>Tras m\u00e1s de siete horas de debate, la&nbsp;<strong>C\u00e1mara de Diputado<\/strong>s aprob\u00f3 este martes y envi\u00f3 al Senado el proyecto de ley que modifica el&nbsp;<strong>impuesto a las Ganancias.<\/strong><\/p>\n\n\n\n<p>El oficialismo logr\u00f3 aprobar la iniciativa con el apoyo de partidos provinciales, los libertarios, la Izquierda y parte del interbloque Federal, quienes tambi\u00e9n aportaron para el qu\u00f3rum.<\/p>\n\n\n\n<p>En contra se expres\u00f3 Juntos por el Cambio y una parte del oficialismo de la provincia de C\u00f3rdoba, adem\u00e1s del exministro del Interior, Florencio Randazzo.<\/p>\n\n\n\n<p>En el caso de los diez diputados por&nbsp;<strong>Mendoza, Adolfo Bermejo<\/strong>,<strong>&nbsp;Liliana Paponet<\/strong>,&nbsp;<strong>Eber P\u00e9rez Plaza<\/strong>&nbsp;y<strong>&nbsp;Marisa Uceda<\/strong>&nbsp;(FdT) se alinearon con el bloque oficialista y votaron a favor, mientras que&nbsp;<strong>Julio Cobos<\/strong>&nbsp;(UCR),&nbsp;<strong>Omar de Marchi&nbsp;<\/strong>(PRO),&nbsp;<strong>Jimena Latorre&nbsp;<\/strong>(UCR),<strong>&nbsp;\u00c1lvaro Mart\u00ednez&nbsp;<\/strong>(PRO),<strong>&nbsp;Lisandro Nieri&nbsp;<\/strong>(UCR) y&nbsp;<strong>Pamela Versay<\/strong>&nbsp;(UCR) lo hicieron en contra.<\/p>\n\n\n\n<h2 class=\"wp-block-heading\" id=\"h-la-chicana-de-parisi\">La chicana de Parisi<\/h2>\n\n\n\n<p>El candidato a gobernador del PJ, Omar Parisi, cuestion\u00f3 a los diputados que votaron contra el proyecto y, de paso, le envi\u00f3 un mensaje a los peronistas que se acercaron a Omar de Marchi, postulante de La Uni\u00f3n Mendocina.<\/p>\n\n\n\n<p><em>\u201cDicen que son distintos y acaban de votar juntos en contra de los trabajadores. \u00bfC\u00f3mo hace un compa\u00f1ero para militar con Omar de Marchi? Otra cosa, \u00bfc\u00f3mo se llama el bloque al que pertenece y del que no se fue? PRO. Clarito. Dos caras de una misma moneda, \u00e9l y Alfredo Cornejo<\/em>\u201c, lanz\u00f3 Parisi.<\/p>\n\n\n\n<h2 class=\"wp-block-heading\">El descargo del radicalismo<\/h2>\n\n\n\n<p>El diputado nacional Lisandro Nieri habl\u00f3 en&nbsp;<em>LVDiez<\/em>&nbsp;y explic\u00f3 cual fue el motivo por el cual el bloque de Juntos por el Cambio vot\u00f3 en contra del proyecto de la modificaci\u00f3n de ganancias.<\/p>\n\n\n\n<p><em>\u201cEstamos en una situaci\u00f3n de emergencia en Argentina, producto de la inflaci\u00f3n. Massa no est\u00e1 pensando en la ciudadan\u00eda que m\u00e1s lo sufren. El pa\u00eds est\u00e1 corriendo a una inflaci\u00f3n del 306% anual. Lo que hay que hacer es bajar la inflaci\u00f3n. El impuesto que est\u00e1 destrozando a los trabajadores es la inflaci\u00f3n, no ganancias\u201d<\/em>, explic\u00f3 el legislador.<\/p>\n\n\n\n<p>Nieri cuestion\u00f3 el avance sobre el Impuesto a las Ganancias, ya que considera que es un impuesto \u201c<em>correcto<\/em>\u201d porque \u201c<em>en todo pa\u00eds del mundo se tributa sobre el ingreso<\/em>\u201c.<\/p>\n\n\n\n<p>\u201c<em>Puede resultar antip\u00e1tico, pero el impuesto a las ganancias es el impuesto adecuado. Por ejemplo, en Mendoza nosotros tenemos que bajar el impuesto a los ingresos brutos no tenemos que bajar el inmobiliario, ya que es un impuesto que es progresivo. Es decir que quienes tienen una casa m\u00e1s grande, m\u00e1s paga. Con Ganancias pasa lo mismo<\/em>\u201c, se\u00f1al\u00f3 el radical.<\/p>\n\n\n\n<p>Finalmente, se lament\u00f3 por \u201chaber ca\u00eddo en la trampa\u201d del ministro Massa, al incitarlo a avanzar con la ley.&nbsp;<em>\u201cUn legislador se precipit\u00f3 con un tuit, que nos llev\u00f3 a caer en la trampa. Le dijimos a un loco \u2018hacelo\u2019 y fue y present\u00f3 un proyecto de ley que nos puede llevar a una hiperinflaci\u00f3n\u201d<\/em>.<\/p>\n\n\n\n<h2 class=\"wp-block-heading\" id=\"h-el-proyecto\">El proyecto<\/h2>\n\n\n\n<p>La medida que propone eliminar la cuarta categor\u00eda del Impuesto a las Ganancias y crea el nuevo r\u00e9gimen de Mayores Ingresos para quienes cobran m\u00e1s de 15 salarios m\u00ednimos ($1.770.000, actualmente) obtuvo 135 votos positivos, 103 negativos y ninguna abstenci\u00f3n.<\/p>\n\n\n\n<p>El ministro de Econom\u00eda y candidato presidencial de Uni\u00f3n por la Patria, Sergio Massa, estuvo en el Congreso y en el \u00faltimo tramo del debate en el recinto de sesiones junto a los sindicalistas H\u00e9ctor Daer, Pablo Moyano, y Carlos Acu\u00f1a, escuchando los \u00faltimos discursos previo a la votaci\u00f3n de esa iniciativa promovida por el oficialismo.<\/p>\n\n\n\n<p>La media sanci\u00f3n signific\u00f3 un triunfo para Massa, a un mes y d\u00edas para las elecciones generales, ya que logr\u00f3 imponer agenda, con un tema con el que apuesta a cambiar el humor social mediante la recuperaci\u00f3n del salario en un contexto cr\u00edtico, agudizado por la devaluaci\u00f3n post PASO.<\/p>\n\n\n\n<p>Lo hizo, en parte, gracias al respaldo de\u00a0<strong>Javier Milei<\/strong>, quien cumpli\u00f3 con lo que hab\u00eda anticipado horas antes y dio qu\u00f3rum: \u201cVoy a votar siempre que se bajen impuestos, no me importa ning\u00fan c\u00e1lculo pol\u00edtico\u201d, dijo el candidato de La Libertad Avanza.<\/p>\n\n\n\n<p>FUENTE: elsol.com.ar<\/p>\n","protected":false},"excerpt":{"rendered":"<p>El proyecto obtuvo la media sanci\u00f3n con 135 votos positivos, 103 negativos y ninguna abstenci\u00f3n. La chicana de Omar Parisi. Tras m\u00e1s de siete horas de debate, la&nbsp;C\u00e1mara de Diputados aprob\u00f3 este martes y envi\u00f3 al Senado el proyecto de ley que modifica el&nbsp;impuesto a las Ganancias. El oficialismo logr\u00f3 aprobar la iniciativa con el [&hellip;]<\/p>\n","protected":false},"author":2,"featured_media":1586,"comment_status":"open","ping_status":"open","sticky":true,"template":"","format":"standard","meta":[],"categories":[47],"tags":[],"_links":{"self":[{"href":"https:\/\/pasaenmendoza.com\/index.php?rest_route=\/wp\/v2\/posts\/1584"}],"collection":[{"href":"https:\/\/pasaenmendoza.com\/index.php?rest_route=\/wp\/v2\/posts"}],"about":[{"href":"https:\/\/pasaenmendoza.com\/index.php?rest_route=\/wp\/v2\/types\/post"}],"author":[{"embeddable":true,"href":"https:\/\/pasaenmendoza.com\/index.php?rest_route=\/wp\/v2\/users\/2"}],"replies":[{"embeddable":true,"href":"https:\/\/pasaenmendoza.com\/index.php?rest_route=%2Fwp%2Fv2%2Fcomments&post=1584"}],"version-history":[{"count":1,"href":"https:\/\/pasaenmendoza.com\/index.php?rest_route=\/wp\/v2\/posts\/1584\/revisions"}],"predecessor-version":[{"id":1587,"href":"https:\/\/pasaenmendoza.com\/index.php?rest_route=\/wp\/v2\/posts\/1584\/revisions\/1587"}],"wp:featuredmedia":[{"embeddable":true,"href":"https:\/\/pasaenmendoza.com\/index.php?rest_route=\/wp\/v2\/media\/1586"}],"wp:attachment":[{"href":"https:\/\/pasaenmendoza.com\/index.php?rest_route=%2Fwp%2Fv2%2Fmedia&parent=1584"}],"wp:term":[{"taxonomy":"category","embeddable":true,"href":"https:\/\/pasaenmendoza.com\/index.php?rest_route=%2Fwp%2Fv2%2Fcategories&post=1584"},{"taxonomy":"post_tag","embeddable":true,"href":"https:\/\/pasaenmendoza.com\/index.php?rest_route=%2Fwp%2Fv2%2Ftags&post=1584"}],"curies":[{"name":"wp","href":"https:\/\/api.w.org\/{rel}","templated":true}]}}