{"id":15844,"date":"2025-11-25T22:57:28","date_gmt":"2025-11-25T21:57:28","guid":{"rendered":"https:\/\/pasaenmendoza.com\/?p=15844"},"modified":"2025-11-25T22:57:29","modified_gmt":"2025-11-25T21:57:29","slug":"alerta-por-tormentas-el-pronostico-para-las-proximas-horas-y-la-situacion-en-el-gran-mendoza","status":"publish","type":"post","link":"https:\/\/pasaenmendoza.com\/?p=15844","title":{"rendered":"Alerta por tormentas: el pron\u00f3stico para las pr\u00f3ximas horas y la situaci\u00f3n en el Gran Mendoza"},"content":{"rendered":"\n<p>El\u00a0Servicio Meteorol\u00f3gico Nacional\u00a0emiti\u00f3 una\u00a0alerta amarilla\u00a0por\u00a0<strong>tormentas con posible ca\u00edda de granizo.\u00a0<\/strong>El fen\u00f3meno meteorol\u00f3gico impactar\u00e1 desde hoy -en el sur- y se mantendr\u00e1 hasta el mi\u00e9rcoles en gran parte del territorio provincial. El\u00a0<strong>Gran Mendoza<\/strong>\u00a0no est\u00e1 alcanzada por el alerta, pero no descartan tormentas.<\/p>\n\n\n\n<p>Seg\u00fan indica el pron\u00f3stico del\u00a0SMN\u00a0y la Direcci\u00f3n de Contingencias Clim\u00e1ticas de Mendoza,\u00a0<strong>este martes la m\u00e1xima promedio en todo el territorio provincial ser\u00e1 de 37\u00b0C con cielo algo nublado, zonda en precordillera y Valle de Uco.<\/strong><\/p>\n\n\n\n<p>Hacia la noche de este martes, se esperan&nbsp;<strong>tormentas&nbsp;<\/strong>fuertes en la zona sur del departamento y la franja oeste de la provincia con posible ca\u00edda de&nbsp;<strong>granizo<\/strong>, actividad el\u00e9ctrica frecuente, r\u00e1fagas de hasta 80 km\/h y ca\u00edda de agua en per\u00edodos cortos.&nbsp;<em>\u201cSe prev\u00e9n valores de precipitaci\u00f3n acumulada entre 20 y 40 mm, pudiendo ser superados en forma puntual\u201d<\/em>, destaca el Servicio Meteorol\u00f3gico Nacional en relaci\u00f3n a la alerta meteorol\u00f3gica para este martes.<\/p>\n\n\n\n<p>El mi\u00e9rcoles, se esperan condiciones de inestabilidad similares y se mantiene la alerta amarilla por tormentas en gran parte del territorio provincial.<\/p>\n\n\n\n<h2 class=\"wp-block-heading\" id=\"h-que-ocurrira-en-el-gran-mendoza\">\u00bfQu\u00e9 ocurrir\u00e1 en el Gran Mendoza?<\/h2>\n\n\n\n<p>Pese a no estar alcanzada por el alerta amarillo,\u00a0<strong>el Gran Mendoza aguarda por tormentas tanto para el martes a la noche como para el mi\u00e9rcoles<\/strong>, de acuerdo con lo publicado por el SMN. Incluso, las lluvias podr\u00edan darse en la noche del viernes, s\u00e1bado y domingo.<\/p>\n\n\n\n<p><strong>Fuente: www.elsol.com.ar<\/strong><\/p>\n","protected":false},"excerpt":{"rendered":"<p>El\u00a0Servicio Meteorol\u00f3gico Nacional\u00a0emiti\u00f3 una\u00a0alerta amarilla\u00a0por\u00a0tormentas con posible ca\u00edda de granizo.\u00a0El fen\u00f3meno meteorol\u00f3gico impactar\u00e1 desde hoy -en el sur- y se mantendr\u00e1 hasta el mi\u00e9rcoles en gran parte del territorio provincial. El\u00a0Gran Mendoza\u00a0no est\u00e1 alcanzada por el alerta, pero no descartan tormentas. Seg\u00fan indica el pron\u00f3stico del\u00a0SMN\u00a0y la Direcci\u00f3n de Contingencias Clim\u00e1ticas de Mendoza,\u00a0este martes la [&hellip;]<\/p>\n","protected":false},"author":2,"featured_media":15845,"comment_status":"open","ping_status":"open","sticky":false,"template":"","format":"standard","meta":[],"categories":[52],"tags":[],"_links":{"self":[{"href":"https:\/\/pasaenmendoza.com\/index.php?rest_route=\/wp\/v2\/posts\/15844"}],"collection":[{"href":"https:\/\/pasaenmendoza.com\/index.php?rest_route=\/wp\/v2\/posts"}],"about":[{"href":"https:\/\/pasaenmendoza.com\/index.php?rest_route=\/wp\/v2\/types\/post"}],"author":[{"embeddable":true,"href":"https:\/\/pasaenmendoza.com\/index.php?rest_route=\/wp\/v2\/users\/2"}],"replies":[{"embeddable":true,"href":"https:\/\/pasaenmendoza.com\/index.php?rest_route=%2Fwp%2Fv2%2Fcomments&post=15844"}],"version-history":[{"count":1,"href":"https:\/\/pasaenmendoza.com\/index.php?rest_route=\/wp\/v2\/posts\/15844\/revisions"}],"predecessor-version":[{"id":15846,"href":"https:\/\/pasaenmendoza.com\/index.php?rest_route=\/wp\/v2\/posts\/15844\/revisions\/15846"}],"wp:featuredmedia":[{"embeddable":true,"href":"https:\/\/pasaenmendoza.com\/index.php?rest_route=\/wp\/v2\/media\/15845"}],"wp:attachment":[{"href":"https:\/\/pasaenmendoza.com\/index.php?rest_route=%2Fwp%2Fv2%2Fmedia&parent=15844"}],"wp:term":[{"taxonomy":"category","embeddable":true,"href":"https:\/\/pasaenmendoza.com\/index.php?rest_route=%2Fwp%2Fv2%2Fcategories&post=15844"},{"taxonomy":"post_tag","embeddable":true,"href":"https:\/\/pasaenmendoza.com\/index.php?rest_route=%2Fwp%2Fv2%2Ftags&post=15844"}],"curies":[{"name":"wp","href":"https:\/\/api.w.org\/{rel}","templated":true}]}}