{"id":15848,"date":"2025-11-25T23:03:25","date_gmt":"2025-11-25T22:03:25","guid":{"rendered":"https:\/\/pasaenmendoza.com\/?p=15848"},"modified":"2025-11-25T23:03:26","modified_gmt":"2025-11-25T22:03:26","slug":"dos-mendocinos-murieron-en-un-violento-choque-frontal-en-chile","status":"publish","type":"post","link":"https:\/\/pasaenmendoza.com\/?p=15848","title":{"rendered":"Dos mendocinos murieron en un violento choque frontal en Chile"},"content":{"rendered":"\n<p>Un tr\u00e1gico\u00a0accidente\u00a0ocurrido en la madrugada de este martes dej\u00f3 un saldo de\u00a0<strong>tres personas fallecidas<\/strong>\u00a0y\u00a0<strong>dos menores hospitalizados<\/strong>\u00a0en la\u00a0Autopista Los Andes, en Chile. El hecho se registr\u00f3 cerca de las 6.30, a la altura del kil\u00f3metro 24, cuando dos veh\u00edculos chocaron de frente en medio de una densa neblina que cubr\u00eda la zona.<\/p>\n\n\n\n<p>Seg\u00fan informaron medios locales, uno de los rodados involucrados era un\u00a0<strong>Fiat Cronos radicado en Mendoza<\/strong>, en el que viajaban\u00a0<strong>dos adultos y dos chicos<\/strong>\u00a0de 11 y 13 a\u00f1os , mientras que el otro veh\u00edculo, un\u00a0<strong>SUV chileno<\/strong>, era conducido por un \u00fanico ocupante. El impacto fue tan fuerte que ambos conductores y la mujer que viajaba como acompa\u00f1ante en el auto argentino fallecieron en el acto.<\/p>\n\n\n\n<p>Los menores, que iban en el asiento trasero, fueron asistidos por los equipos de emergencia y trasladados a hospitales de&nbsp;<strong>Los Andes y San Felipe<\/strong>, donde permanecen con riesgo vital.<\/p>\n\n\n\n<p>La pareja fallecida ser\u00eda oriunda de Maip\u00fa y viajaba junto a sus dos nietos.<\/p>\n\n\n\n<p>Las primeras pericias se\u00f1alan que la\u00a0<strong>baja visibilidad por neblina<\/strong>\u00a0podr\u00eda haber sido un factor determinante en el siniestro.<\/p>\n\n\n\n<p><strong>Fuente: www.elsol.com.ar<\/strong><\/p>\n","protected":false},"excerpt":{"rendered":"<p>Un tr\u00e1gico\u00a0accidente\u00a0ocurrido en la madrugada de este martes dej\u00f3 un saldo de\u00a0tres personas fallecidas\u00a0y\u00a0dos menores hospitalizados\u00a0en la\u00a0Autopista Los Andes, en Chile. El hecho se registr\u00f3 cerca de las 6.30, a la altura del kil\u00f3metro 24, cuando dos veh\u00edculos chocaron de frente en medio de una densa neblina que cubr\u00eda la zona. Seg\u00fan informaron medios locales, [&hellip;]<\/p>\n","protected":false},"author":2,"featured_media":15849,"comment_status":"open","ping_status":"open","sticky":false,"template":"","format":"standard","meta":[],"categories":[48],"tags":[],"_links":{"self":[{"href":"https:\/\/pasaenmendoza.com\/index.php?rest_route=\/wp\/v2\/posts\/15848"}],"collection":[{"href":"https:\/\/pasaenmendoza.com\/index.php?rest_route=\/wp\/v2\/posts"}],"about":[{"href":"https:\/\/pasaenmendoza.com\/index.php?rest_route=\/wp\/v2\/types\/post"}],"author":[{"embeddable":true,"href":"https:\/\/pasaenmendoza.com\/index.php?rest_route=\/wp\/v2\/users\/2"}],"replies":[{"embeddable":true,"href":"https:\/\/pasaenmendoza.com\/index.php?rest_route=%2Fwp%2Fv2%2Fcomments&post=15848"}],"version-history":[{"count":1,"href":"https:\/\/pasaenmendoza.com\/index.php?rest_route=\/wp\/v2\/posts\/15848\/revisions"}],"predecessor-version":[{"id":15850,"href":"https:\/\/pasaenmendoza.com\/index.php?rest_route=\/wp\/v2\/posts\/15848\/revisions\/15850"}],"wp:featuredmedia":[{"embeddable":true,"href":"https:\/\/pasaenmendoza.com\/index.php?rest_route=\/wp\/v2\/media\/15849"}],"wp:attachment":[{"href":"https:\/\/pasaenmendoza.com\/index.php?rest_route=%2Fwp%2Fv2%2Fmedia&parent=15848"}],"wp:term":[{"taxonomy":"category","embeddable":true,"href":"https:\/\/pasaenmendoza.com\/index.php?rest_route=%2Fwp%2Fv2%2Fcategories&post=15848"},{"taxonomy":"post_tag","embeddable":true,"href":"https:\/\/pasaenmendoza.com\/index.php?rest_route=%2Fwp%2Fv2%2Ftags&post=15848"}],"curies":[{"name":"wp","href":"https:\/\/api.w.org\/{rel}","templated":true}]}}