{"id":1585,"date":"2023-09-20T14:27:36","date_gmt":"2023-09-20T12:27:36","guid":{"rendered":"https:\/\/pasaenmendoza.com\/?p=1585"},"modified":"2023-09-20T14:27:37","modified_gmt":"2023-09-20T12:27:37","slug":"este-es-el-listado-de-productos-que-entran-en-la-devolucion-del-iva","status":"publish","type":"post","link":"https:\/\/pasaenmendoza.com\/?p=1585","title":{"rendered":"Este es el listado de productos que entran en la devoluci\u00f3n del IVA"},"content":{"rendered":"\n<p>El titular de la AFIP, Carlos Castagneto, afirm\u00f3 que<strong>\u00a0los primeros resultados del\u00a0Programa Compre sin IVA\u00a0fueron \u201cbuenos\u201d, y destac\u00f3 que se llevan adelante muchos operativos para que los comercios trabajen en el marco de la ley<\/strong>.<\/p>\n\n\n\n<p>\u201cEstamos haciendo muchos operativos con la DGI a lo largo y ancho del pa\u00eds,<strong>\u00a0poniendo stickers en cada uno de los negocios y en el caso de aquellos que no est\u00e1n inscriptos, obligarlos a hacerlo<\/strong>&#8220;, indic\u00f3 Castagneto esta ma\u00f1ana a T\u00e9lam Radio.<\/p>\n\n\n\n<p>En este sentido, mostr\u00f3 su satisfacci\u00f3n por la reacci\u00f3n de los consumidores ante la nueva medida: \u201cEstamos muy contentos c\u00f3mo acept\u00f3 la gente este programa\u201d, subray\u00f3 Castagneto tras la puesta en marcha del Compre sin IVA.<\/p>\n\n\n\n<p>\u201cRealmente los primeros resultados que hemos tenido fueron buenos aunque igualmente estamos actualizando datos con respecto a los CBU, porque pueden haber cambiado\u201d, agreg\u00f3 el funcionario.<\/p>\n\n\n\n<p>Castagneto advirti\u00f3 que en los operativos los trabajadores del organismo &#8220;ponen stickers en cada uno de los negocios e inscriben a los locales que a\u00fan no lo hicieron&#8221;.<\/p>\n\n\n\n<p>En este sentido, Castagneto consider\u00f3 que para la ciudadan\u00eda es \u201cmuy importante\u201d el pedido del ticket de compra, para que los comerciantes &#8220;utilicen el postnet&#8221; que valida la operaci\u00f3n.<\/p>\n\n\n\n<h2 class=\"wp-block-heading\">Una de devoluci\u00f3n de hasta $18.800 por mes<\/h2>\n\n\n\n<p>La medida, que devolver\u00e1 el 21% del IVA de los productos de la canasta b\u00e1sica, tiene un&nbsp;<strong>tope<\/strong>&nbsp;de devoluci\u00f3n de&nbsp;<strong>$ 18.800 por mes;<\/strong>&nbsp;y abarca a trabajadores en relaci\u00f3n de dependencia con ingresos de hasta seis Salarios M\u00ednimos, Vitales y M\u00f3viles, y quienes perciban jubilaciones, pensiones por fallecimiento y pensiones no contributivas nacionales con un m\u00e1ximo de seis haberes m\u00ednimos.<\/p>\n\n\n\n<p>De esta forma, el tope de ingresos para acceder al beneficio en el caso de los trabajadores es de&nbsp;<strong>$ 708.000 y de $ 524.758 para los jubilados.<\/strong><\/p>\n\n\n\n<p>Tambi\u00e9n pueden acceder a la devoluci\u00f3n del IVA el personal de casas particulares encuadradas en el r\u00e9gimen especial de la actividad,\u00a0<strong>monotributistas\u00a0<\/strong>de todas las categor\u00edas y beneficiarios de la Tarjeta Alimentar o de las tarjetas emitidas del Programa Potenciar Trabajo.<\/p>\n\n\n\n<h2 class=\"wp-block-heading\">Los productos incluidos en el Compre sin IVA<\/h2>\n\n\n\n<ul>\n<li>Aves, huevos, productos de granja<\/li>\n\n\n\n<li>Carnes rojas, menudencias<\/li>\n\n\n\n<li>Chacinados frescos<\/li>\n\n\n\n<li>Pescados<\/li>\n\n\n\n<li>L\u00e1cteos<\/li>\n\n\n\n<li>Frutas, legumbres, y hortalizas frescas<\/li>\n\n\n\n<li>Pan y productos de confiter\u00eda<\/li>\n\n\n\n<li>Pastas frescas<\/li>\n\n\n\n<li>Az\u00facar<\/li>\n\n\n\n<li>Aceite y grasas<\/li>\n\n\n\n<li>Caf\u00e9, t\u00e9, yerba mate y otras infusiones<\/li>\n\n\n\n<li>Especias y condimentos<\/li>\n\n\n\n<li>Sal<\/li>\n\n\n\n<li>Productos y subproductos de moliner\u00eda;<\/li>\n\n\n\n<li>Cereales secos y en conserva<\/li>\n\n\n\n<li>Fiambres y embutidos<\/li>\n\n\n\n<li>Productos de almac\u00e9n y diet\u00e9ticas<\/li>\n\n\n\n<li>Productos farmac\u00e9uticos y de herborister\u00eda<\/li>\n\n\n\n<li>Cosm\u00e9ticos, productos de tocador y de perfumer\u00eda<\/li>\n<\/ul>\n\n\n\n<figure class=\"wp-block-image\"><img decoding=\"async\" src=\"https:\/\/media.diariouno.com.ar\/p\/a7b53521846837c264d07a64d8d09456\/adjuntos\/298\/imagenes\/009\/229\/0009229161\/1200x0\/smart\/imagepng.png\" alt=\"\" title=\"\"\/><\/figure>\n\n\n\n<p><strong>Fuente: www.diariouno.com.ar<\/strong><\/p>\n","protected":false},"excerpt":{"rendered":"<p>El titular de la AFIP, Carlos Castagneto, afirm\u00f3 que\u00a0los primeros resultados del\u00a0Programa Compre sin IVA\u00a0fueron \u201cbuenos\u201d, y destac\u00f3 que se llevan adelante muchos operativos para que los comercios trabajen en el marco de la ley. \u201cEstamos haciendo muchos operativos con la DGI a lo largo y ancho del pa\u00eds,\u00a0poniendo stickers en cada uno de los [&hellip;]<\/p>\n","protected":false},"author":2,"featured_media":1588,"comment_status":"open","ping_status":"open","sticky":false,"template":"","format":"standard","meta":[],"categories":[49],"tags":[],"_links":{"self":[{"href":"https:\/\/pasaenmendoza.com\/index.php?rest_route=\/wp\/v2\/posts\/1585"}],"collection":[{"href":"https:\/\/pasaenmendoza.com\/index.php?rest_route=\/wp\/v2\/posts"}],"about":[{"href":"https:\/\/pasaenmendoza.com\/index.php?rest_route=\/wp\/v2\/types\/post"}],"author":[{"embeddable":true,"href":"https:\/\/pasaenmendoza.com\/index.php?rest_route=\/wp\/v2\/users\/2"}],"replies":[{"embeddable":true,"href":"https:\/\/pasaenmendoza.com\/index.php?rest_route=%2Fwp%2Fv2%2Fcomments&post=1585"}],"version-history":[{"count":1,"href":"https:\/\/pasaenmendoza.com\/index.php?rest_route=\/wp\/v2\/posts\/1585\/revisions"}],"predecessor-version":[{"id":1589,"href":"https:\/\/pasaenmendoza.com\/index.php?rest_route=\/wp\/v2\/posts\/1585\/revisions\/1589"}],"wp:featuredmedia":[{"embeddable":true,"href":"https:\/\/pasaenmendoza.com\/index.php?rest_route=\/wp\/v2\/media\/1588"}],"wp:attachment":[{"href":"https:\/\/pasaenmendoza.com\/index.php?rest_route=%2Fwp%2Fv2%2Fmedia&parent=1585"}],"wp:term":[{"taxonomy":"category","embeddable":true,"href":"https:\/\/pasaenmendoza.com\/index.php?rest_route=%2Fwp%2Fv2%2Fcategories&post=1585"},{"taxonomy":"post_tag","embeddable":true,"href":"https:\/\/pasaenmendoza.com\/index.php?rest_route=%2Fwp%2Fv2%2Ftags&post=1585"}],"curies":[{"name":"wp","href":"https:\/\/api.w.org\/{rel}","templated":true}]}}