{"id":15855,"date":"2025-11-25T23:10:02","date_gmt":"2025-11-25T22:10:02","guid":{"rendered":"https:\/\/pasaenmendoza.com\/?p=15855"},"modified":"2025-11-25T23:10:03","modified_gmt":"2025-11-25T22:10:03","slug":"atraparon-a-otro-integrante-de-la-banda-los-boom-en-el-barrio-san-martin","status":"publish","type":"post","link":"https:\/\/pasaenmendoza.com\/?p=15855","title":{"rendered":"Atraparon a otro integrante de la banda &#8220;Los Boom&#8221; en el barrio San Mart\u00edn"},"content":{"rendered":"\n<p>La<strong>&nbsp;detenci\u00f3n de un joven de 21 a\u00f1os<\/strong>&nbsp;permiti\u00f3 avanzar en diversas&nbsp;<strong>investigaciones<\/strong>&nbsp;vinculadas a&nbsp;<strong>robos violentos.<\/strong>&nbsp;Tras la ca\u00edda de los l\u00edderes, la&nbsp;<strong>Polic\u00eda de Mendoza<\/strong>&nbsp;contin\u00faa desarticulando la organizaci\u00f3n delictiva autodenominada&nbsp;<strong>&#8220;Los Boom&#8221;<\/strong>.<\/p>\n\n\n\n<p>\u00a0La\u00a0<strong>aprehensi\u00f3n<\/strong>\u00a0se concret\u00f3 en el<strong>\u00a0barrio San Mart\u00edn<\/strong>, en la\u00a0<strong>Ciudad de Mendoza<\/strong>, donde personal de la Divisi\u00f3n Sustracci\u00f3n Automotores ejecut\u00f3 un cerrojo policial con efectivos a pie y m\u00f3viles.\u00a0<\/p>\n\n\n\n<p><strong>El sospechoso, que ten\u00eda pedido de captura<\/strong>, fue&nbsp;<strong>rodeado<\/strong>&nbsp;frente a los monoblocks del sector conocido como&nbsp;<strong>Fuerte Apache<\/strong>. Intent\u00f3 huir, pero finalmente qued\u00f3 detenido. En el procedimiento se secuestr\u00f3 un tel\u00e9fono celular que ser\u00e1 clave para el avance de la causa. Intervino la Unidad Fiscal de Robos, Hurtos Agravados y Sustracci\u00f3n Automotores.<\/p>\n\n\n\n<p><strong>Desarticulaci\u00f3n previa de la banda<\/strong><\/p>\n\n\n\n<p>En septiembre, la Polic\u00eda hab\u00eda desarticulado parcialmente la estructura mediante un\u00a0megaoperativo\u00a0que incluy\u00f3\u00a0<strong>45 allanamientos en\u00a0San Mart\u00edn\u00a0y en zonas de influencia de la Cuarta, Quinta y Sexta secciones<\/strong>. Como resultado, siete integrantes fueron detenidos y se\u00a0<strong>secuestraron armas, droga, dinero, veh\u00edculos y celulares<\/strong>. Los aprehendidos est\u00e1n vinculados a robos violentos en la capital mendocina, lo que represent\u00f3 un nuevo golpe para la organizaci\u00f3n.<\/p>\n\n\n\n<p>A comienzos de noviembre, en tanto, qued\u00f3 detenido un joven de 27 a\u00f1os relacionado con la misma banda. La captura se realiz\u00f3 en la intersecci\u00f3n de Los Fresnos y Per\u00f3n, en\u00a0Las Heras. Seg\u00fan la investigaci\u00f3n, este hombre se encontraba pr\u00f3fugo y estaba implicado en hechos de violencia ocurridos incluso en la Ciudad de Mendoza.<\/p>\n\n\n\n<p><strong>Fuente: www.mendozapost.com<\/strong><\/p>\n","protected":false},"excerpt":{"rendered":"<p>La&nbsp;detenci\u00f3n de un joven de 21 a\u00f1os&nbsp;permiti\u00f3 avanzar en diversas&nbsp;investigaciones&nbsp;vinculadas a&nbsp;robos violentos.&nbsp;Tras la ca\u00edda de los l\u00edderes, la&nbsp;Polic\u00eda de Mendoza&nbsp;contin\u00faa desarticulando la organizaci\u00f3n delictiva autodenominada&nbsp;&#8220;Los Boom&#8221;. \u00a0La\u00a0aprehensi\u00f3n\u00a0se concret\u00f3 en el\u00a0barrio San Mart\u00edn, en la\u00a0Ciudad de Mendoza, donde personal de la Divisi\u00f3n Sustracci\u00f3n Automotores ejecut\u00f3 un cerrojo policial con efectivos a pie y m\u00f3viles.\u00a0 El sospechoso, [&hellip;]<\/p>\n","protected":false},"author":2,"featured_media":15860,"comment_status":"open","ping_status":"open","sticky":false,"template":"","format":"standard","meta":[],"categories":[48],"tags":[],"_links":{"self":[{"href":"https:\/\/pasaenmendoza.com\/index.php?rest_route=\/wp\/v2\/posts\/15855"}],"collection":[{"href":"https:\/\/pasaenmendoza.com\/index.php?rest_route=\/wp\/v2\/posts"}],"about":[{"href":"https:\/\/pasaenmendoza.com\/index.php?rest_route=\/wp\/v2\/types\/post"}],"author":[{"embeddable":true,"href":"https:\/\/pasaenmendoza.com\/index.php?rest_route=\/wp\/v2\/users\/2"}],"replies":[{"embeddable":true,"href":"https:\/\/pasaenmendoza.com\/index.php?rest_route=%2Fwp%2Fv2%2Fcomments&post=15855"}],"version-history":[{"count":1,"href":"https:\/\/pasaenmendoza.com\/index.php?rest_route=\/wp\/v2\/posts\/15855\/revisions"}],"predecessor-version":[{"id":15861,"href":"https:\/\/pasaenmendoza.com\/index.php?rest_route=\/wp\/v2\/posts\/15855\/revisions\/15861"}],"wp:featuredmedia":[{"embeddable":true,"href":"https:\/\/pasaenmendoza.com\/index.php?rest_route=\/wp\/v2\/media\/15860"}],"wp:attachment":[{"href":"https:\/\/pasaenmendoza.com\/index.php?rest_route=%2Fwp%2Fv2%2Fmedia&parent=15855"}],"wp:term":[{"taxonomy":"category","embeddable":true,"href":"https:\/\/pasaenmendoza.com\/index.php?rest_route=%2Fwp%2Fv2%2Fcategories&post=15855"},{"taxonomy":"post_tag","embeddable":true,"href":"https:\/\/pasaenmendoza.com\/index.php?rest_route=%2Fwp%2Fv2%2Ftags&post=15855"}],"curies":[{"name":"wp","href":"https:\/\/api.w.org\/{rel}","templated":true}]}}