{"id":15859,"date":"2025-11-25T23:13:19","date_gmt":"2025-11-25T22:13:19","guid":{"rendered":"https:\/\/pasaenmendoza.com\/?p=15859"},"modified":"2025-11-25T23:13:20","modified_gmt":"2025-11-25T22:13:20","slug":"diputados-dieron-el-ok-para-tratar-el-pack-minero-en-la-sesion-de-este-miercoles","status":"publish","type":"post","link":"https:\/\/pasaenmendoza.com\/?p=15859","title":{"rendered":"Diputados dieron el ok para tratar el pack minero en la sesi\u00f3n de este mi\u00e9rcoles"},"content":{"rendered":"\n<p>En plenario de comisiones, Diputados dieron el aval para que\u00a0cuatro\u00a0<strong>leyes mineras<\/strong>\u00a0se traten en la sesi\u00f3n de este mi\u00e9rcoles. Entre las iniciativas se encuentra la Declaraci\u00f3n de Impacto Ambiental de\u00a0<strong>PSJ Cobre Mendocino<\/strong>, el proyecto de explotaci\u00f3n de la minera San Jorge.<\/p>\n\n\n\n<p>El despacho favorable sali\u00f3 por mayor\u00eda de las comisiones de Legislaci\u00f3n y Asuntos Constitucionales; Hacienda y Presupuesto y Asuntos Tributarios; Econom\u00eda, Energ\u00eda,&nbsp;<strong>Miner\u00eda<\/strong>&nbsp;e Industrias; Ambiente y Recursos H\u00eddricos; y Derechos y Garant\u00edas y Peticiones y Poderes.<\/p>\n\n\n\n<p>Adem\u00e1s de\u00a0<strong>PSJ<\/strong>, quedaron habilitados para ser tratados las Declaraciones de Impacto Ambiental de 27 proyectos mineros ubicados en el llamado\u00a0<strong>Malarg\u00fce Distrito Minero Occidental<\/strong>; la reforma de la ley de\u00a0<strong>regal\u00edas mineras<\/strong>; y la creaci\u00f3n del\u00a0<strong>Fondo Compensador Ambiental<\/strong>.<\/p>\n\n\n\n<p>Los diputados&nbsp;<strong>Jos\u00e9 Luis Ram\u00f3n, Emanuel Fugazzotto, Valentina Mor\u00e1n y Jorge Difonso&nbsp;<\/strong>present\u00f3 despachos en minor\u00eda para rechazar y archivar las cuatro iniciativas del Poder Ejecutivo.<\/p>\n\n\n\n<h2 class=\"wp-block-heading\">Los votos que anticipan el debate minero por PSJ Cobre Mendocino y otros proyectos<\/h2>\n\n\n\n<p>El oficialismo consigui\u00f3 los votos para que este mi\u00e9rcoles se trate en la sesi\u00f3n de la C\u00e1mara de Diputados la media sanci\u00f3n de los cuatro&nbsp;<strong>proyectos mineros<\/strong>.<\/p>\n\n\n\n<p>Afirmativamente, votaron Cambia Mendoza y aliados. Negativamente, lo hicieron Ram\u00f3n, Fugazzotto, Mor\u00e1n y Difonso, quienes presentaron en conjunto cuatro&nbsp;<strong>despachos en minor\u00eda<\/strong>.<\/p>\n\n\n\n<p>\u201cNo podemos acompa\u00f1ar estos proyectos en su estado actual, y nos oponemos rotundamente sin un debate m\u00e1s profundo\u201d, dijeron los legisladores en ese dictamen. Aunque tambi\u00e9n advirtieron que \u201ctampoco podemos cerrar la puerta a un posible&nbsp;<strong>desarrollo&nbsp;<\/strong>si se subsanan estas deficiencias\u201d.<\/p>\n\n\n\n<p>Por otra parte, Gustavo Perret, Ver\u00f3nica Valverde y Natalia Vicencio, representantes del bloque del&nbsp;<strong>Partido Justicialista<\/strong>&nbsp;que estuvieron presente en las distintas comisiones, se abstuvieron. Tambi\u00e9n lo hizo Gabriela Lizana del Frente Renovador.<\/p>\n\n\n\n<p>Germ\u00e1n G\u00f3mez, Juan Pablo Gulino y Julio Villafa\u00f1e, tambi\u00e9n peronistas, se ausentaron.<\/p>\n\n\n\n<h2 class=\"wp-block-heading\">Miner\u00eda en el recinto<\/h2>\n\n\n\n<p>El mi\u00e9rcoles 26 de noviembre es la fecha se\u00f1alada para que se voten los&nbsp;<strong>proyectos mineros<\/strong>&nbsp;en la C\u00e1mara de Diputados. De resultar con media sanci\u00f3n -como se espera-, las iniciativas pasar\u00e1n al Senado, que podr\u00eda tratarlo en sesi\u00f3n el 9 o 16 de diciembre.<\/p>\n\n\n\n<h3 class=\"wp-block-heading\"><strong>Fondo Compensador<\/strong><\/h3>\n\n\n\n<p>La creaci\u00f3n de este Fondo permitir\u00e1 una intervenci\u00f3n inmediata ante da\u00f1os ambientales colectivos, emergencias o zonas degradadas. Ser\u00e1 financiado con recursos provenientes de multas y tributos ambientales, indemnizaciones judiciales, aportes por&nbsp;<strong>Declaraciones de Impacto Ambiental<\/strong>, cr\u00e9ditos, donaciones y recuperos legales.<\/p>\n\n\n\n<p>Los\u00a0<strong>recursos\u00a0<\/strong>podr\u00e1n destinarse a la restauraci\u00f3n o mitigaci\u00f3n de da\u00f1os ambientales de incidencia colectiva cuando los responsables sean insolventes o no est\u00e9n determinados; a acciones de compensaci\u00f3n para recomponer \u00e1reas afectadas por actividades industriales; tambi\u00e9n a la atenci\u00f3n de emergencias ambientales; y a la ejecuci\u00f3n de obras de recomposici\u00f3n ecol\u00f3gica que beneficien a comunidades afectadas.<\/p>\n\n\n\n<p>El texto del proyecto invita tanto al Departamento General de Irrigaci\u00f3n como a los municipios a adherir y destinar recursos al Fondo, y establece un plazo de 180 d\u00edas para la reglamentaci\u00f3n posterior a su promulgaci\u00f3n.<\/p>\n\n\n\n<h3 class=\"wp-block-heading\"><strong>Regal\u00edas Mineras<\/strong><\/h3>\n\n\n\n<p>La iniciativa se adecua a la Ley Nacional N\u00ba 24.196 de Inversiones&nbsp;<strong>Mineras<\/strong>, que fija un m\u00e1ximo del 3% sobre el valor \u201cboca mina\u201d para la percepci\u00f3n de regal\u00edas, y a la adhesi\u00f3n provincial ya vigente. El objetivo es establecer reglas claras y una distribuci\u00f3n equitativa de los recursos.<\/p>\n\n\n\n<p>De igual forma, define c\u00f3mo se calculan y controlan las&nbsp;<strong>regal\u00edas<\/strong>, garantizando trazabilidad y responsabilidad ambiental en toda la cadena productiva y establece que parte de los fondos se destinar\u00e1 a los municipios que adhieran a la ley.<\/p>\n\n\n\n<p>La distribuci\u00f3n prevista es 88% a Rentas Generales, de los cuales el 15% de estos recursos deber\u00e1n ser afectados al Fondo de Desarrollo Socio Ambiental, con destino principal en fortalecer los controles y monitoreos participativos, la transparencia y el fortalecimiento de la Polic\u00eda Ambiental&nbsp;<strong>Minera<\/strong>. Los requisitos de constituci\u00f3n, administraci\u00f3n y funcionamiento ser\u00e1n establecidos en la reglamentaci\u00f3n.<\/p>\n\n\n\n<p>En tanto, el 12% restante ser\u00e1 distribuido entre los municipios en cuyo territorio se realice la&nbsp;<strong>extracci\u00f3n&nbsp;<\/strong>y que hayan adherido al presente r\u00e9gimen, para destinarlos exclusivamente a obras p\u00fablicas, infraestructura social, ambiental y productiva.<\/p>\n\n\n\n<h3 class=\"wp-block-heading\"><strong>PSJ Cobre Mendocino y Malarg\u00fce Distrito Minero Occidental II<\/strong><\/h3>\n\n\n\n<p><strong>PSJ Cobre Mendocino<\/strong>&nbsp;se ubica a 37 km de Uspallata y 97 km de la ciudad de Mendoza. Representa la primera iniciativa de cobre a mediana escala en la provincia y uno de los proyectos m\u00e1s relevantes del pa\u00eds desde Bajo de la Alumbrera, orientado a la producci\u00f3n de insumos cr\u00edticos para tecnolog\u00edas limpias y la transici\u00f3n energ\u00e9tica global.<\/p>\n\n\n\n<p>El expediente llega a tratamiento legislativo tras una Audiencia P\u00fablica con participaci\u00f3n hist\u00f3rica, 16 dict\u00e1menes sectoriales, informes t\u00e9cnicos de la\u00a0<strong>Autoridad Ambiental Minera<\/strong>\u00a0y de la Fundaci\u00f3n de la Universidad Nacional de Cuyo (FUNC), as\u00ed como el an\u00e1lisis de la Comisi\u00f3n Evaluadora Interdisciplinaria Ambiental Minera (CEIAM) y del Consejo Provincial del Ambiente.<\/p>\n\n\n\n<p>La&nbsp;<strong>DIA&nbsp;<\/strong>introduce una nueva metodolog\u00eda, separando las etapas del ciclo de vida del proyecto durante la construcci\u00f3n, operaci\u00f3n, y cierre y post-cierre.<\/p>\n\n\n\n<p>En tanto, la segunda etapa de&nbsp;<strong>MDMO&nbsp;<\/strong>incorpora 27 nuevos proyectos de exploraci\u00f3n, definidos tras una audiencia p\u00fablica y el an\u00e1lisis t\u00e9cnico de organismos provinciales, nacionales, acad\u00e9micos y municipales. Las DIAs incluyen planes de manejo espec\u00edficos en zonas altas y prev\u00e9 un seguimiento ambiental estricto.<\/p>\n\n\n\n<p>Seg\u00fan se\u00f1ala la fundamentaci\u00f3n del texto remitido por el Poder Ejecutivo, \u201cel procedimiento de Evaluaci\u00f3n de&nbsp;<strong>Impacto Ambiental<\/strong>&nbsp;se desarroll\u00f3 garantizando un amplio y efectivo proceso de participaci\u00f3n ciudadana\u201d, y que adem\u00e1s, \u201cde manera complementaria, en el marco de instancias de participaci\u00f3n ciudadana, se realizaron talleres participativos y visitas t\u00e9cnicas al proyecto minero PSJ Cobre Mendocino, con el objetivo de brindar a la comunidad acceso directo a un caso real de exploraci\u00f3n minera avanzada en la provincia\u201d.<\/p>\n\n\n\n<p>Estas DIAs transitaron una&nbsp;<strong>Audiencia P\u00fablica<\/strong>&nbsp;abierta a todos los ciudadanos que dur\u00f3 2 d\u00edas en&nbsp;<strong>Malarg\u00fce<\/strong>, la aprobaci\u00f3n de la Autoridad Ambiental Minera, el an\u00e1lisis de organismos provinciales, nacionales, acad\u00e9micos y municipales; y el informe t\u00e9cnico de la Facultad de Ciencias Aplicadas a la Industria de la Universidad Nacional de Cuyo.<\/p>\n\n\n\n<p>Asimismo, tras la audiencia p\u00fablica se brind\u00f3 \u201cla posibilidad de efectuar presentaciones por escrito, incluso con posterioridad a su realizaci\u00f3n. Finalmente, se garantiz\u00f3 la compulsa p\u00fablica de las actuaciones, poniendo a disposici\u00f3n de la ciudadan\u00eda la totalidad de la documentaci\u00f3n obrante en el procedimiento, tanto en formato f\u00edsico en la sede de la Direcci\u00f3n de Miner\u00eda, como en formato digital a trav\u00e9s de las p\u00e1ginas web oficiales de la Direcci\u00f3n de&nbsp;<strong>Miner\u00eda<\/strong>&nbsp;y de la Direcci\u00f3n de Gesti\u00f3n y Fiscalizaci\u00f3n Ambiente\u201d, sostiene la iniciativa.<\/p>\n\n\n\n<p>Las&nbsp;<strong>27 Declaraciones de Impacto Ambiental (DIA)<\/strong>&nbsp;corresponden a los proyectos individualizados como: Cuprum, EI Destino, Mercedes (Huanquimeleo), Mercedes (Mariano), Mercedes (14 de febrero), Mercedes (Mercedes North), Pampa, Tango, Chamam\u00e9, Alicia (A\u00b0 de la Piedra), Clotilde, Elisa, Excalibur, La Victoria, Sofi, Tit\u00e1n, Tordillo, Lucero, Malarg\u00fcito, PAS, Qatar, Villagra, Belluno, Roma y Veneto, Ang\u00e9lica,&nbsp;<strong>Malarg\u00fce<\/strong>&nbsp;West y Sierra Azul.<\/p>\n\n\n\n<p>Con estas DIAs, Malarg\u00fce alcanzar\u00eda un total de 65 proyectos de\u00a0<strong>exploraci\u00f3n minera<\/strong>.<\/p>\n\n\n\n<p><strong>Fuente: www.diariouno.com.ar<\/strong><\/p>\n","protected":false},"excerpt":{"rendered":"<p>En plenario de comisiones, Diputados dieron el aval para que\u00a0cuatro\u00a0leyes mineras\u00a0se traten en la sesi\u00f3n de este mi\u00e9rcoles. Entre las iniciativas se encuentra la Declaraci\u00f3n de Impacto Ambiental de\u00a0PSJ Cobre Mendocino, el proyecto de explotaci\u00f3n de la minera San Jorge. El despacho favorable sali\u00f3 por mayor\u00eda de las comisiones de Legislaci\u00f3n y Asuntos Constitucionales; Hacienda [&hellip;]<\/p>\n","protected":false},"author":2,"featured_media":15862,"comment_status":"open","ping_status":"open","sticky":false,"template":"","format":"standard","meta":[],"categories":[47],"tags":[],"_links":{"self":[{"href":"https:\/\/pasaenmendoza.com\/index.php?rest_route=\/wp\/v2\/posts\/15859"}],"collection":[{"href":"https:\/\/pasaenmendoza.com\/index.php?rest_route=\/wp\/v2\/posts"}],"about":[{"href":"https:\/\/pasaenmendoza.com\/index.php?rest_route=\/wp\/v2\/types\/post"}],"author":[{"embeddable":true,"href":"https:\/\/pasaenmendoza.com\/index.php?rest_route=\/wp\/v2\/users\/2"}],"replies":[{"embeddable":true,"href":"https:\/\/pasaenmendoza.com\/index.php?rest_route=%2Fwp%2Fv2%2Fcomments&post=15859"}],"version-history":[{"count":1,"href":"https:\/\/pasaenmendoza.com\/index.php?rest_route=\/wp\/v2\/posts\/15859\/revisions"}],"predecessor-version":[{"id":15863,"href":"https:\/\/pasaenmendoza.com\/index.php?rest_route=\/wp\/v2\/posts\/15859\/revisions\/15863"}],"wp:featuredmedia":[{"embeddable":true,"href":"https:\/\/pasaenmendoza.com\/index.php?rest_route=\/wp\/v2\/media\/15862"}],"wp:attachment":[{"href":"https:\/\/pasaenmendoza.com\/index.php?rest_route=%2Fwp%2Fv2%2Fmedia&parent=15859"}],"wp:term":[{"taxonomy":"category","embeddable":true,"href":"https:\/\/pasaenmendoza.com\/index.php?rest_route=%2Fwp%2Fv2%2Fcategories&post=15859"},{"taxonomy":"post_tag","embeddable":true,"href":"https:\/\/pasaenmendoza.com\/index.php?rest_route=%2Fwp%2Fv2%2Ftags&post=15859"}],"curies":[{"name":"wp","href":"https:\/\/api.w.org\/{rel}","templated":true}]}}