{"id":15864,"date":"2025-11-25T23:19:16","date_gmt":"2025-11-25T22:19:16","guid":{"rendered":"https:\/\/pasaenmendoza.com\/?p=15864"},"modified":"2025-11-25T23:19:18","modified_gmt":"2025-11-25T22:19:18","slug":"alerta-nacional-por-sarampion-la-situacion-de-mendoza-y-las-medidas-para-evitar-contagios","status":"publish","type":"post","link":"https:\/\/pasaenmendoza.com\/?p=15864","title":{"rendered":"Alerta nacional por sarampi\u00f3n: la situaci\u00f3n de Mendoza y las medidas para evitar contagios"},"content":{"rendered":"\n<p>El\u00a0<strong>Ministerio de Salud de la Naci\u00f3n<\/strong>\u00a0emiti\u00f3 este martes una\u00a0alerta\u00a0epidemiol\u00f3gica por\u00a0<strong>circulaci\u00f3n de casos confirmados de\u00a0sarampi\u00f3n<\/strong>\u00a0por Argentina. Los casos incluyen a tres adultos de 49, 39 y 21 a\u00f1os, y un menor de 11 a\u00f1os, residentes de Uruguay y sin antecedentes de vacunaci\u00f3n, que circularon por diferentes provincias argentinas.<\/p>\n\n\n\n<p>Los afectados viajaron desde Bolivia a Uruguay a trav\u00e9s de Argentina, atravesando siete provincias en colectivo. Ante este panorama, Salud emiti\u00f3 una<strong>\u00a0alerta sanitaria<\/strong>, y solicit\u00f3 la atenci\u00f3n de todos aquellos ciudadanos que estuvieron en transportes, terminales y paradas por donde pasaron las personas contagiadas.<\/p>\n\n\n\n<p>El\u00a0<strong>sarampi\u00f3n<\/strong>\u00a0es un enfermedad viral altamente contagiosa que se transmite mediante gotas que se liberan del aire de la nariz, boca o garganta de una persona infectada. El virus puede persistir en el aire o sobre superficies, siendo activo y contagioso por 2 horas.<\/p>\n\n\n\n<p>Hasta la semana epidemiol\u00f3gica 26 de 2025, Argentina confirm\u00f3 35 casos de sarampi\u00f3n, la mayor\u00eda contra\u00eddos en otros pa\u00edses. Hasta el momento, el pa\u00eds mantiene el estatus de eliminaci\u00f3n de la circulaci\u00f3n end\u00e9mica, logrado en el a\u00f1o 2000, aseguraron desde la cartera que conduce Mario Lugones.<\/p>\n\n\n\n<h2 class=\"wp-block-heading\">Sarampi\u00f3n en&nbsp;<a href=\"https:\/\/www.mdzol.com\/\/temas\/mendoza-90422.html\">Mendoza<\/a><\/h2>\n\n\n\n<p>Seg\u00fan el \u00faltimo informe del Ministerio de Salud de la Naci\u00f3n, a la fecha\u00a0<strong>Mendoza no cuenta con casos confirmados de sarampi\u00f3n<\/strong>. Sin embargo,\u00a0<strong>Andrea Falaschi<\/strong>, directora de Epidemiolog\u00eda, record\u00f3 la importancia de completar los esquemas de vacunaci\u00f3n para evitar la circulaci\u00f3n de la enfermedad.<\/p>\n\n\n\n<p>&#8220;El sarampi\u00f3n es una enfermedad altamente contagiosa. El virus se libera a trav\u00e9s de las gotitas, por nariz, garganta, de las personas infectadas, y puede persistir mucho tiempo en el aire y en la superficie. Necesitamos dos dosis de vacuna antisarampionosa para estar protegidos&#8221;, dijo la funcionaria.<\/p>\n\n\n\n<p>En tanto, Falaschi tambi\u00e9n enfatiz\u00f3 en la importancia de la consulta temprana ante la aparici\u00f3n de s\u00edntomas.<\/p>\n\n\n\n<p>&#8220;Fiebre alta, manchitas rojas en la piel, conjuntivitis, secreci\u00f3n nasal, son algunos de los s\u00edntomas. Las personas que tengan s\u00edntomas deben concurrir a su centro de salud m\u00e1s cercano usando un barbijo para ser diagnosticados&#8221;, agreg\u00f3.<\/p>\n\n\n\n<h2 class=\"wp-block-heading\">Alerta por sarampi\u00f3n<\/h2>\n\n\n\n<p>Seg\u00fan inform\u00f3 el Ministerio de Salud de la Naci\u00f3n, el 20 de noviembre el Centro Nacional de Enlace (CNE) para el Reglamento Sanitario Internacional (RSI) de Uruguay notific\u00f3 un cl\u00faster de casos sospechosos de sarampi\u00f3n dentro de la misma familia.<\/p>\n\n\n\n<p>Estas cuatro personas, tres adultos y un menor, realizaron un viaje a Bolivia en donde participaron en actividades sociales en espacios cerrados de alta densidad, donde refieren que se encontraban personas sintom\u00e1ticas.<\/p>\n\n\n\n<p>La familia residente de Uruguay circul\u00f3 por distintas provincias argentinas tras regresar desde Bolivia, entre el 13 y el 16 de noviembre de 2025. Al tratarse de una enfermedad altamente contagiosa y que permanece en el aire o superficies, las autoridades resaltaron que aquellas personas presentes en los recorridos afectados, deben estar atentas a la aparici\u00f3n de fiebre alta, manchas rojas en la piel, secreci\u00f3n nasal, conjuntivitis y tos.<\/p>\n\n\n\n<p>La cartera sanitaria solicita prestar atenci\u00f3n en los siguientes transportes, terminales y paradas, con sus respectivas fechas y horarios por donde pasaron las personas contagiadas:<\/p>\n\n\n\n<p><strong>Empresa Autobuses Quirquincho S.R.L.<\/strong><\/p>\n\n\n\n<ul>\n<li>Origen:&nbsp;<strong>Santa Cruz de las Sierras, Bolivia<\/strong>&nbsp;\u2013 jueves 13 de noviembre de 2025.<\/li>\n\n\n\n<li>Parador Mosconi,&nbsp;<strong>Salta<\/strong>&nbsp;\u2013 jueves 14 de noviembre (almuerzo).<\/li>\n\n\n\n<li>Parador Rosario de la Frontera,&nbsp;<strong>Santiago del Estero<\/strong>&nbsp;\u2013 jueves 14 de noviembre (cena).<\/li>\n\n\n\n<li>Parador San Nicol\u00e1s,&nbsp;<strong>Buenos Aires<\/strong>&nbsp;\u2013 viernes 15 de noviembre (ma\u00f1ana).<\/li>\n\n\n\n<li>Descenso en la&nbsp;<strong>estaci\u00f3n de \u00f3mnibus de Liniers<\/strong>&nbsp;(Ciudad Aut\u00f3noma de Buenos Aires) \u2013 viernes 15 de noviembre, 12:30.<\/li>\n\n\n\n<li>Fin de recorrido en la&nbsp;<strong>terminal de \u00f3mnibus de Retiro<\/strong>&nbsp;(Ciudad Aut\u00f3noma de Buenos Aires) \u2013 viernes 15 de noviembre, 13:00.<\/li>\n<\/ul>\n\n\n\n<p><strong>Empresa Balut Hermanos S.R.L.<\/strong><\/p>\n\n\n\n<ul>\n<li>Origen:&nbsp;<strong>Terminal de Salvador Mazza, Salta<\/strong>&nbsp;\u2013 jueves 14 de noviembre de 2025, 11:45.<\/li>\n\n\n\n<li>Parador en&nbsp;<strong>Pinto, Santiago del Estero<\/strong>&nbsp;\u2013 viernes 15 de noviembre (ma\u00f1ana).<\/li>\n\n\n\n<li>Parador en&nbsp;<strong>Totoras, Santa Fe<\/strong>&nbsp;\u2013 viernes 15 de noviembre (mediod\u00eda).<\/li>\n<\/ul>\n\n\n\n<p><strong>Empresa San Jos\u00e9 S.R.L.<\/strong><\/p>\n\n\n\n<ul>\n<li>Origen:&nbsp;<strong>Terminal de \u00f3mnibus de Retiro<\/strong>&nbsp;(Ciudad Aut\u00f3noma de Buenos Aires) \u2013 viernes 15 de noviembre, 21:40.<\/li>\n\n\n\n<li>Paradas en&nbsp;<strong>Gualeguaych\u00fa<\/strong>,&nbsp;<strong>Concepci\u00f3n del Uruguay<\/strong>,&nbsp;<strong>Col\u00f3n<\/strong>,&nbsp;<strong>Concordia<\/strong>&nbsp;y&nbsp;<strong>Federaci\u00f3n<\/strong>&nbsp;(Entre R\u00edos; llegada el 16 de noviembre).<\/li>\n<\/ul>\n\n\n\n<h2 class=\"wp-block-heading\">C\u00f3mo prevenir el sarampi\u00f3n<\/h2>\n\n\n\n<p>El\u00a0<strong>sarampi\u00f3n<\/strong>\u00a0puede presentarse en todas las edades, aunque en menores de 5 a\u00f1os y personas malnutridas puede darse de forma grave con complicaciones respiratorias como neumon\u00eda y del sistema nervioso central como convulsiones, , meningoencefalitis, ceguera, encefalomielitis postinfecciosa con retraso mental grave y trastornos degenerativos tard\u00edos que no tienen tratamiento o que incluso pueden causar la muerte.<\/p>\n\n\n\n<p>Todas las personas desde el a\u00f1o de vida deben tener&nbsp;<strong>esquema de vacunaci\u00f3n completo<\/strong>&nbsp;contra el sarampi\u00f3n y la rub\u00e9ola, seg\u00fan el Calendario Nacional de Vacunaci\u00f3n:<\/p>\n\n\n\n<ul>\n<li>De 12 meses a 4 a\u00f1os: deben acreditar una dosis de vacuna triple viral.<\/li>\n\n\n\n<li>Mayores de 5 a\u00f1os, adolescentes y personas adultas: deben acreditar al menos dos dosis de vacuna con componente contra sarampi\u00f3n y rub\u00e9ola aplicada despu\u00e9s del a\u00f1o de vida (doble o triple viral) o contar con serolog\u00eda IgG positiva para sarampi\u00f3n y rub\u00e9ola.<\/li>\n\n\n\n<li>Las personas nacidas antes de 1965 se consideran inmunes y no necesitan vacunarse.<\/li>\n\n\n\n<li>Personal de salud: todas las personas que trabajan en el nivel asistencial (por ejemplo, mesa de entradas, limpieza, seguridad, laboratorio, planta m\u00e9dica y de enfermer\u00eda, etc.) deben acreditar dos dosis de vacuna con componente contra el sarampi\u00f3n aplicadas despu\u00e9s del a\u00f1o de vida (doble o triple viral) o contar con serolog\u00eda IgG positiva para sarampi\u00f3n.<\/li>\n<\/ul>\n\n\n\n<p><strong>Fuente: www.mdzol.com<\/strong><\/p>\n","protected":false},"excerpt":{"rendered":"<p>El\u00a0Ministerio de Salud de la Naci\u00f3n\u00a0emiti\u00f3 este martes una\u00a0alerta\u00a0epidemiol\u00f3gica por\u00a0circulaci\u00f3n de casos confirmados de\u00a0sarampi\u00f3n\u00a0por Argentina. Los casos incluyen a tres adultos de 49, 39 y 21 a\u00f1os, y un menor de 11 a\u00f1os, residentes de Uruguay y sin antecedentes de vacunaci\u00f3n, que circularon por diferentes provincias argentinas. Los afectados viajaron desde Bolivia a Uruguay a [&hellip;]<\/p>\n","protected":false},"author":2,"featured_media":15865,"comment_status":"open","ping_status":"open","sticky":false,"template":"","format":"standard","meta":[],"categories":[58],"tags":[],"_links":{"self":[{"href":"https:\/\/pasaenmendoza.com\/index.php?rest_route=\/wp\/v2\/posts\/15864"}],"collection":[{"href":"https:\/\/pasaenmendoza.com\/index.php?rest_route=\/wp\/v2\/posts"}],"about":[{"href":"https:\/\/pasaenmendoza.com\/index.php?rest_route=\/wp\/v2\/types\/post"}],"author":[{"embeddable":true,"href":"https:\/\/pasaenmendoza.com\/index.php?rest_route=\/wp\/v2\/users\/2"}],"replies":[{"embeddable":true,"href":"https:\/\/pasaenmendoza.com\/index.php?rest_route=%2Fwp%2Fv2%2Fcomments&post=15864"}],"version-history":[{"count":1,"href":"https:\/\/pasaenmendoza.com\/index.php?rest_route=\/wp\/v2\/posts\/15864\/revisions"}],"predecessor-version":[{"id":15866,"href":"https:\/\/pasaenmendoza.com\/index.php?rest_route=\/wp\/v2\/posts\/15864\/revisions\/15866"}],"wp:featuredmedia":[{"embeddable":true,"href":"https:\/\/pasaenmendoza.com\/index.php?rest_route=\/wp\/v2\/media\/15865"}],"wp:attachment":[{"href":"https:\/\/pasaenmendoza.com\/index.php?rest_route=%2Fwp%2Fv2%2Fmedia&parent=15864"}],"wp:term":[{"taxonomy":"category","embeddable":true,"href":"https:\/\/pasaenmendoza.com\/index.php?rest_route=%2Fwp%2Fv2%2Fcategories&post=15864"},{"taxonomy":"post_tag","embeddable":true,"href":"https:\/\/pasaenmendoza.com\/index.php?rest_route=%2Fwp%2Fv2%2Ftags&post=15864"}],"curies":[{"name":"wp","href":"https:\/\/api.w.org\/{rel}","templated":true}]}}