{"id":15868,"date":"2025-11-27T00:10:02","date_gmt":"2025-11-26T23:10:02","guid":{"rendered":"https:\/\/pasaenmendoza.com\/?p=15868"},"modified":"2025-11-27T00:10:03","modified_gmt":"2025-11-26T23:10:03","slug":"cayo-granizo-en-varios-sectores-de-mendoza-y-las-tormentas-seguiran-hasta-la-noche","status":"publish","type":"post","link":"https:\/\/pasaenmendoza.com\/?p=15868","title":{"rendered":"Cay\u00f3 granizo en varios sectores de Mendoza y las tormentas seguir\u00e1n hasta la noche"},"content":{"rendered":"\n<p>Las alertas por&nbsp;<strong>granizo&nbsp;<\/strong>previstas para este mi\u00e9rcoles finalmente se cumplieron el sur (San Rafael),&nbsp;<strong>distintos sectores del Gran Mendoza, como la Ciudad<\/strong>, y todo el Valle de Uco. En otras zonas tambi\u00e9n se registraron lluvias, aunque menores.<\/p>\n\n\n\n<p>Las\u00a0<strong>tormentas\u00a0<\/strong>se mantendr\u00e1n durante la tarde y la noche de esta jornada, con probabilidades de una mejora hacia la madrugada del jueves.<\/p>\n\n\n\n<p>Las autoridades pidieron este mi\u00e9rcoles circular con extrema precauci\u00f3n por la Ruta 40 hacia Tunuy\u00e1n, especialmente en las zonas de Cruz Negra y Zapata, debido a las fuertes lluvias y la posible ca\u00edda de granizo.<\/p>\n\n\n\n<p>Seg\u00fan Contingencias Clim\u00e1ticas, el ente meteorol\u00f3gico provincial, se prev\u00e9 un jueves\u00a0<em>\u201calgo nublado con leve descenso de la temperatura, vientos leves del noreste. Inestable en la noche el sur provincial\u201d.<\/em><\/p>\n\n\n\n<h2 class=\"wp-block-heading\" id=\"h-gran-parte-de-mendoza-sigue-en-alerta-hasta-la-noche-y-el-fin-de-semana-sera-lluvioso\">Gran parte de Mendoza sigue en alerta hasta la noche y el fin de semana ser\u00e1 lluvioso<\/h2>\n\n\n\n<p>De acuerdo con lo publicado por el Servicio Meteorol\u00f3gico Nacional (SMN), gran parte del territorio, salvo la zona cordillerana,\u00a0<strong>sigue en alerta naranja o amarilla para el resto del mi\u00e9rcoles.<\/strong><\/p>\n\n\n\n<p>Luego de una jornada de buen tiempo el jueves,\u00a0<strong>se espera que a lo largo de todo el fin de semana (viernes, s\u00e1bado y domingo) se registren tormentas en toda la provincia.<\/strong>\u00a0Para el domingo se esperan incluso\u00a0<em>\u201ctormentas severas\u201d.<\/em><\/p>\n\n\n\n<p><strong>Fuente: www.elsol.com.ar<\/strong><\/p>\n","protected":false},"excerpt":{"rendered":"<p>Las alertas por&nbsp;granizo&nbsp;previstas para este mi\u00e9rcoles finalmente se cumplieron el sur (San Rafael),&nbsp;distintos sectores del Gran Mendoza, como la Ciudad, y todo el Valle de Uco. En otras zonas tambi\u00e9n se registraron lluvias, aunque menores. Las\u00a0tormentas\u00a0se mantendr\u00e1n durante la tarde y la noche de esta jornada, con probabilidades de una mejora hacia la madrugada del [&hellip;]<\/p>\n","protected":false},"author":2,"featured_media":15869,"comment_status":"open","ping_status":"open","sticky":false,"template":"","format":"standard","meta":[],"categories":[52],"tags":[],"_links":{"self":[{"href":"https:\/\/pasaenmendoza.com\/index.php?rest_route=\/wp\/v2\/posts\/15868"}],"collection":[{"href":"https:\/\/pasaenmendoza.com\/index.php?rest_route=\/wp\/v2\/posts"}],"about":[{"href":"https:\/\/pasaenmendoza.com\/index.php?rest_route=\/wp\/v2\/types\/post"}],"author":[{"embeddable":true,"href":"https:\/\/pasaenmendoza.com\/index.php?rest_route=\/wp\/v2\/users\/2"}],"replies":[{"embeddable":true,"href":"https:\/\/pasaenmendoza.com\/index.php?rest_route=%2Fwp%2Fv2%2Fcomments&post=15868"}],"version-history":[{"count":1,"href":"https:\/\/pasaenmendoza.com\/index.php?rest_route=\/wp\/v2\/posts\/15868\/revisions"}],"predecessor-version":[{"id":15870,"href":"https:\/\/pasaenmendoza.com\/index.php?rest_route=\/wp\/v2\/posts\/15868\/revisions\/15870"}],"wp:featuredmedia":[{"embeddable":true,"href":"https:\/\/pasaenmendoza.com\/index.php?rest_route=\/wp\/v2\/media\/15869"}],"wp:attachment":[{"href":"https:\/\/pasaenmendoza.com\/index.php?rest_route=%2Fwp%2Fv2%2Fmedia&parent=15868"}],"wp:term":[{"taxonomy":"category","embeddable":true,"href":"https:\/\/pasaenmendoza.com\/index.php?rest_route=%2Fwp%2Fv2%2Fcategories&post=15868"},{"taxonomy":"post_tag","embeddable":true,"href":"https:\/\/pasaenmendoza.com\/index.php?rest_route=%2Fwp%2Fv2%2Ftags&post=15868"}],"curies":[{"name":"wp","href":"https:\/\/api.w.org\/{rel}","templated":true}]}}