{"id":15874,"date":"2025-11-27T00:19:39","date_gmt":"2025-11-26T23:19:39","guid":{"rendered":"https:\/\/pasaenmendoza.com\/?p=15874"},"modified":"2025-11-27T00:19:40","modified_gmt":"2025-11-26T23:19:40","slug":"las-heras-aprobo-un-presupuesto-con-fuerte-apuesta-a-la-obra-publica","status":"publish","type":"post","link":"https:\/\/pasaenmendoza.com\/?p=15874","title":{"rendered":"Las Heras aprob\u00f3 un presupuesto con fuerte apuesta a la obra p\u00fablica"},"content":{"rendered":"\n<p><strong>Las Heras<\/strong>\u00a0ya cuenta con su\u00a0<strong>Presupuesto 2026<\/strong>, luego de que el Concejo Deliberante aprobara la propuesta enviada por el intendente Francisco\u00a0Lo Presti.\u00a0<\/p>\n\n\n\n<p>El jefe comunal&nbsp;<strong>celebr\u00f3 el respaldo pol\u00edtico y t\u00e9cnico<\/strong>&nbsp;y subray\u00f3 que el pr\u00f3ximo a\u00f1o m\u00e1s de un tercio del gasto municipal se orientar\u00e1 exclusivamente a obra p\u00fablica.<\/p>\n\n\n\n<p>Seg\u00fan explic\u00f3, el objetivo es sostener un plan integral de infraestructura, modernizar el Estado local y seguir impulsando la revalorizaci\u00f3n tur\u00edstica de los principales atractivos del departamento. &#8220;Es un presupuesto ordenado, responsable y pensado para mejorar la calidad de vida de los vecinos&#8221;, afirm\u00f3 Lo Presti.<\/p>\n\n\n\n<p>Entre las obras destacadas aparecen la\u00a0<strong>revalorizaci\u00f3n del Campo Hist\u00f3rico El Plumerillo, intervenciones en Puente del Inca para mejorar servicios y potenciar el turismo<\/strong>, y la construcci\u00f3n de un nuevo edificio municipal, pensado para modernizar la atenci\u00f3n y el funcionamiento administrativo.<\/p>\n\n\n\n<p>El intendente tambi\u00e9n resalt\u00f3 el acompa\u00f1amiento del gobernador\u00a0<strong>Alfredo Cornejo<\/strong>, con quien el municipio acord\u00f3 un pr\u00e9stamo provincial de 63.000 millones de pesos, considerado &#8220;muy conveniente&#8221; para avanzar con obras estructurales. Ese financiamiento permitir\u00e1 acelerar proyectos claves para el desarrollo urbano y tur\u00edstico.<\/p>\n\n\n\n<p>Lo Presti record\u00f3 que Las Heras atraviesa desde hace dos a\u00f1os un proceso de transformaci\u00f3n visible en asfalto, iluminaci\u00f3n, limpieza y recuperaci\u00f3n de espacios p\u00fablicos. En ese marco, el Presupuesto 2026 busca consolidar uno de los planes de inversi\u00f3n m\u00e1s ambiciosos de los \u00faltimos tiempos.<\/p>\n\n\n\n<p>Si bien reconoci\u00f3 que a\u00fan quedan desaf\u00edos en servicios p\u00fablicos, el jefe comunal destac\u00f3 que el actual esquema de trabajo ya muestra avances concretos. Para sostener ese ritmo, anunci\u00f3 una inversi\u00f3n cercana a los 3 millones de d\u00f3lares en maquinaria durante el pr\u00f3ximo a\u00f1o, destinada a mejorar las tareas de asfalto, barrido, mantenimiento urbano y limpieza en todo el departamento.<\/p>\n\n\n\n<p>Con Presupuesto aprobado y financiamiento garantizado, Las Heras apuesta a profundizar su proceso de modernizaci\u00f3n y seguir mejorando su infraestructura para acompa\u00f1ar el desarrollo de sus vecinos y su actividad tur\u00edstica.\u00a0<\/p>\n\n\n\n<p><strong>Fuente: www.mendozapost.com<\/strong><\/p>\n","protected":false},"excerpt":{"rendered":"<p>Las Heras\u00a0ya cuenta con su\u00a0Presupuesto 2026, luego de que el Concejo Deliberante aprobara la propuesta enviada por el intendente Francisco\u00a0Lo Presti.\u00a0 El jefe comunal&nbsp;celebr\u00f3 el respaldo pol\u00edtico y t\u00e9cnico&nbsp;y subray\u00f3 que el pr\u00f3ximo a\u00f1o m\u00e1s de un tercio del gasto municipal se orientar\u00e1 exclusivamente a obra p\u00fablica. Seg\u00fan explic\u00f3, el objetivo es sostener un plan [&hellip;]<\/p>\n","protected":false},"author":2,"featured_media":15875,"comment_status":"open","ping_status":"open","sticky":false,"template":"","format":"standard","meta":[],"categories":[47],"tags":[],"_links":{"self":[{"href":"https:\/\/pasaenmendoza.com\/index.php?rest_route=\/wp\/v2\/posts\/15874"}],"collection":[{"href":"https:\/\/pasaenmendoza.com\/index.php?rest_route=\/wp\/v2\/posts"}],"about":[{"href":"https:\/\/pasaenmendoza.com\/index.php?rest_route=\/wp\/v2\/types\/post"}],"author":[{"embeddable":true,"href":"https:\/\/pasaenmendoza.com\/index.php?rest_route=\/wp\/v2\/users\/2"}],"replies":[{"embeddable":true,"href":"https:\/\/pasaenmendoza.com\/index.php?rest_route=%2Fwp%2Fv2%2Fcomments&post=15874"}],"version-history":[{"count":1,"href":"https:\/\/pasaenmendoza.com\/index.php?rest_route=\/wp\/v2\/posts\/15874\/revisions"}],"predecessor-version":[{"id":15876,"href":"https:\/\/pasaenmendoza.com\/index.php?rest_route=\/wp\/v2\/posts\/15874\/revisions\/15876"}],"wp:featuredmedia":[{"embeddable":true,"href":"https:\/\/pasaenmendoza.com\/index.php?rest_route=\/wp\/v2\/media\/15875"}],"wp:attachment":[{"href":"https:\/\/pasaenmendoza.com\/index.php?rest_route=%2Fwp%2Fv2%2Fmedia&parent=15874"}],"wp:term":[{"taxonomy":"category","embeddable":true,"href":"https:\/\/pasaenmendoza.com\/index.php?rest_route=%2Fwp%2Fv2%2Fcategories&post=15874"},{"taxonomy":"post_tag","embeddable":true,"href":"https:\/\/pasaenmendoza.com\/index.php?rest_route=%2Fwp%2Fv2%2Ftags&post=15874"}],"curies":[{"name":"wp","href":"https:\/\/api.w.org\/{rel}","templated":true}]}}