{"id":15880,"date":"2025-11-27T00:40:18","date_gmt":"2025-11-26T23:40:18","guid":{"rendered":"https:\/\/pasaenmendoza.com\/?p=15880"},"modified":"2025-11-27T00:40:19","modified_gmt":"2025-11-26T23:40:19","slug":"regalias-establecen-cuanto-le-cobrara-mendoza-a-las-mineras","status":"publish","type":"post","link":"https:\/\/pasaenmendoza.com\/?p=15880","title":{"rendered":"Regal\u00edas: establecen cu\u00e1nto le cobrar\u00e1 Mendoza a las mineras"},"content":{"rendered":"\n<p>La\u00a0<strong>C\u00e1mara de Diputados aprob\u00f3\u00a0el proyecto de regal\u00edas mineras<\/strong>\u00a0de Mendoza, que establece cu\u00e1nto le cobrar\u00e1 a las empresas mineras el Estado mendocino. El proyecto es parte del paquete enviado por el Gobierno y tuvo modificaciones en el tratamiento en comisiones.<\/p>\n\n\n\n<p>Seg\u00fan lo aprobado, el\u00a0<strong>Estado mendocino le cobrar\u00e1 el 3% a valor boca de mina<\/strong>, pero podr\u00eda subir al 5% de regal\u00edas seg\u00fan el proyecto, tomando ese margen de maniobra para establecer el canon. En el proyecto original no se pon\u00eda un porcentaje, pero s\u00ed fue agregado luego. La norma reglamenta en la Provincia lo que se establece por las leyes nacionales, que ponen un piso y un tope a las regal\u00edas. La norma se adecua a la Ley Nacional 24196 de Inversiones Mineras.<\/p>\n\n\n\n<p>La recaudaci\u00f3n obtenida en concepto de regal\u00edas se dividir\u00e1 entre la Provincia y los municipios que adhieran a la ley. Los recursos municipales podr\u00e1n tener destino en obras p\u00fablicas, infraestructura social, ambiental y productiva.<\/p>\n\n\n\n<p>A su vez, una parte de la recaudaci\u00f3n provincial se destinar\u00e1 al Fondo de Desarrollo Socioambiental. El debate fue breve y el proyecto se aprob\u00f3 por amplia mayor\u00eda.<\/p>\n\n\n\n<p>La norma, que a\u00fan requiere ratificaci\u00f3n del Senado, prev\u00e9 que &#8220;el monto de la regal\u00eda se determinar\u00e1 aplicando los porcentajes sobre el valor \u201cboca mina\u201d, de acuerdo con lo establecido en la Ley N\u00ba 24.196 y su decreto reglamentario&#8221;. En cuanto a la al\u00edcuota, tambi\u00e9n se establece all\u00ed. &#8220;El importe de las regal\u00edas mineras se determinar\u00e1 por aplicaci\u00f3n de la al\u00edcuota del tres por ciento (3%) sobre el valor de la materia definida&#8221;, dice. Pero se establece la movilidad como forma. &#8220;Como excepci\u00f3n a lo previsto en el p\u00e1rrafo anterior, y exclusivamente respecto de aquellos proyectos mineros que no hubieren iniciado la construcci\u00f3n correspondiente a la etapa de explotaci\u00f3n con anterioridad a la fecha de entrada en vigencia del presente art\u00edculo, las regal\u00edas mineras se determinar\u00e1n por aplicaci\u00f3n de un porcentaje progresivo y m\u00f3vil, cuyo valor no podr\u00e1 ser superior al cinco por ciento (5%), conforme los par\u00e1metros objetivos y metodolog\u00edas que establezca la reglamentaci\u00f3n&#8221;, dice el proyecto modificado en comisiones.<\/p>\n\n\n\n<p>Tambi\u00e9n se le otorga al Poder Ejecutivo la posibilidad de establecer beneficios espec\u00edficos. &#8220;La reglamentaci\u00f3n establecer\u00e1 las reducciones, exenciones parciales o reg\u00edmenes diferenciales para fomentar proyectos con agregado de valor local, uso de tecnolog\u00edas limpias, obras de infraestructura con impacto social en la comunidad donde se encuentre el proyecto, cumplimiento de est\u00e1ndares ambientales o de inclusi\u00f3n social y de g\u00e9nero&#8221;, dice el proyecto.<\/p>\n\n\n\n<p>La recaudaci\u00f3n de las regal\u00edas se distribuir\u00e1 entre la Provincia y los municipios, en particular donde se ejecute el proyecto minero. El88% de los recursos de regal\u00edas ir\u00e1 a Rentas Generales de la Provincia. El 15% de esa recaudaci\u00f3n deber\u00e1n ser afectados al &#8220;Fondo de Desarrollo Econ\u00f3mico y Socioambiental&#8221;.<\/p>\n\n\n\n<p>Los municipios donde se ejecuten los proyectos mineros recibir\u00e1n el 12% de la recaudaci\u00f3n total de regal\u00edas.<\/p>\n\n\n\n<p>Tras esa media sanci\u00f3n, ahora Diputados trata el Distrito Minero.<\/p>\n\n\n\n<p><strong>Fuente: www.mdzol.com<\/strong><\/p>\n","protected":false},"excerpt":{"rendered":"<p>La\u00a0C\u00e1mara de Diputados aprob\u00f3\u00a0el proyecto de regal\u00edas mineras\u00a0de Mendoza, que establece cu\u00e1nto le cobrar\u00e1 a las empresas mineras el Estado mendocino. El proyecto es parte del paquete enviado por el Gobierno y tuvo modificaciones en el tratamiento en comisiones. Seg\u00fan lo aprobado, el\u00a0Estado mendocino le cobrar\u00e1 el 3% a valor boca de mina, pero podr\u00eda [&hellip;]<\/p>\n","protected":false},"author":2,"featured_media":15881,"comment_status":"open","ping_status":"open","sticky":false,"template":"","format":"standard","meta":[],"categories":[116],"tags":[],"_links":{"self":[{"href":"https:\/\/pasaenmendoza.com\/index.php?rest_route=\/wp\/v2\/posts\/15880"}],"collection":[{"href":"https:\/\/pasaenmendoza.com\/index.php?rest_route=\/wp\/v2\/posts"}],"about":[{"href":"https:\/\/pasaenmendoza.com\/index.php?rest_route=\/wp\/v2\/types\/post"}],"author":[{"embeddable":true,"href":"https:\/\/pasaenmendoza.com\/index.php?rest_route=\/wp\/v2\/users\/2"}],"replies":[{"embeddable":true,"href":"https:\/\/pasaenmendoza.com\/index.php?rest_route=%2Fwp%2Fv2%2Fcomments&post=15880"}],"version-history":[{"count":1,"href":"https:\/\/pasaenmendoza.com\/index.php?rest_route=\/wp\/v2\/posts\/15880\/revisions"}],"predecessor-version":[{"id":15882,"href":"https:\/\/pasaenmendoza.com\/index.php?rest_route=\/wp\/v2\/posts\/15880\/revisions\/15882"}],"wp:featuredmedia":[{"embeddable":true,"href":"https:\/\/pasaenmendoza.com\/index.php?rest_route=\/wp\/v2\/media\/15881"}],"wp:attachment":[{"href":"https:\/\/pasaenmendoza.com\/index.php?rest_route=%2Fwp%2Fv2%2Fmedia&parent=15880"}],"wp:term":[{"taxonomy":"category","embeddable":true,"href":"https:\/\/pasaenmendoza.com\/index.php?rest_route=%2Fwp%2Fv2%2Fcategories&post=15880"},{"taxonomy":"post_tag","embeddable":true,"href":"https:\/\/pasaenmendoza.com\/index.php?rest_route=%2Fwp%2Fv2%2Ftags&post=15880"}],"curies":[{"name":"wp","href":"https:\/\/api.w.org\/{rel}","templated":true}]}}