{"id":15883,"date":"2025-11-27T00:45:10","date_gmt":"2025-11-26T23:45:10","guid":{"rendered":"https:\/\/pasaenmendoza.com\/?p=15883"},"modified":"2025-11-27T00:45:52","modified_gmt":"2025-11-26T23:45:52","slug":"sin-acuerdo-el-gobierno-nacional-definira-por-decreto-el-salario-minimo-vital-y-movil","status":"publish","type":"post","link":"https:\/\/pasaenmendoza.com\/?p=15883","title":{"rendered":"Sin acuerdo, el gobierno nacional definir\u00e1 por decreto el Salario M\u00ednimo, Vital y M\u00f3vil"},"content":{"rendered":"\n<p>El Gobierno nacional anunci\u00f3 este mi\u00e9rcoles, en el&nbsp;<strong>Consejo de Salario<\/strong>, que definir\u00e1 el nuevo valor del&nbsp;<strong>Salario M\u00ednimo Vital y M\u00f3vil<\/strong>&nbsp;por&nbsp;<strong>decreto<\/strong>, ante la falta de acuerdo entre las partes presentes.&nbsp;<\/p>\n\n\n\n<p>Las dos&nbsp;<strong>CTA&nbsp;<\/strong>mostraron diferencias al solicitar un aumento: seg\u00fan trascendi\u00f3<a rel=\"noreferrer noopener\" href=\"https:\/\/es.wikipedia.org\/wiki\/Noticias_Argentinas\" target=\"_blank\">,<\/a>&nbsp;la&nbsp;<strong>Central de Trabajadores,<\/strong>&nbsp;al igual que la&nbsp;<strong>CGT<\/strong>, solicit\u00f3 $553.000, a partir de abril de 2026, y la&nbsp;<strong>CTA &#8211; Aut\u00f3noma<\/strong>&nbsp;$736.000 pesos, \u201cpor encima de la l\u00ednea de indigencia\u201d.&nbsp;<\/p>\n\n\n\n<p>\u201cLuego de pasar a un cuarto intermedio, y sin que ninguna parte modificara su postura, el Gobierno convoc\u00f3 a la sesi\u00f3n plenaria y anunci\u00f3 que, ante la falta de acuerdo, definir\u00e1 el aumento por decreto. Durante los dos a\u00f1os de gesti\u00f3n de<strong>&nbsp;Javier Milei,<\/strong>&nbsp;el Ejecutivo ha aplicado siempre el mismo criterio, sellar el Salario M\u00ednimo en l\u00ednea con la propuesta empresarial.\u201d, informaron desde CTA &#8211; A.&nbsp;<\/p>\n\n\n\n<p>Por su parte, el secretario general,&nbsp;<strong>Hugo &#8216;Cachorro&#8217; Godoy,&nbsp;<\/strong>sostuvo que la gesti\u00f3n de Milei, en acuerdo con la UIA, CAME, la Asociaci\u00f3n de Empresarios Argentinos y la Sociedad Rural,&nbsp;<strong>\u201cimpidi\u00f3 alcanzar una mejora real&#8221;<\/strong>&nbsp;y habilit\u00f3 que el Ejecutivo &#8220;<strong>decida por decreto\u201d<\/strong>&nbsp;con el &#8220;despotismo&#8221; que maneja desde el comienzo de su mandato.<\/p>\n\n\n\n<p>&#8220;Se resolvi\u00f3 esta verg\u00fcenza que sigue hundiendo el SMVM y, con \u00e9l, al conjunto de los ingresos de los trabajadores y trabajadoras en la Argentina\u201d, afirm\u00f3 el gremialista.<\/p>\n\n\n\n<p>Paralelamente, &nbsp;mientras se desarrollaba la reuni\u00f3n, las dos CTA, junto a organizaciones sociales se movilizaron frente a la Secretar\u00eda de Trabajo, comandada por Julio Cordero, \u201cpara exigir que el ingreso b\u00e1sico iguale el costo de la Canasta B\u00e1sica Total\u201d, adem\u00e1s de sumar un bono de fin de a\u00f1o, actualizar los programas sociales y reconocer del trabajo socio-comunitario, entre otros reclamos.<\/p>\n\n\n\n<p><strong>Fuente: www.diariomendoza.com.ar<\/strong><\/p>\n","protected":false},"excerpt":{"rendered":"<p>El Gobierno nacional anunci\u00f3 este mi\u00e9rcoles, en el&nbsp;Consejo de Salario, que definir\u00e1 el nuevo valor del&nbsp;Salario M\u00ednimo Vital y M\u00f3vil&nbsp;por&nbsp;decreto, ante la falta de acuerdo entre las partes presentes.&nbsp; Las dos&nbsp;CTA&nbsp;mostraron diferencias al solicitar un aumento: seg\u00fan trascendi\u00f3,&nbsp;la&nbsp;Central de Trabajadores,&nbsp;al igual que la&nbsp;CGT, solicit\u00f3 $553.000, a partir de abril de 2026, y la&nbsp;CTA &#8211; Aut\u00f3noma&nbsp;$736.000 [&hellip;]<\/p>\n","protected":false},"author":2,"featured_media":15884,"comment_status":"open","ping_status":"open","sticky":false,"template":"","format":"standard","meta":[],"categories":[50],"tags":[],"_links":{"self":[{"href":"https:\/\/pasaenmendoza.com\/index.php?rest_route=\/wp\/v2\/posts\/15883"}],"collection":[{"href":"https:\/\/pasaenmendoza.com\/index.php?rest_route=\/wp\/v2\/posts"}],"about":[{"href":"https:\/\/pasaenmendoza.com\/index.php?rest_route=\/wp\/v2\/types\/post"}],"author":[{"embeddable":true,"href":"https:\/\/pasaenmendoza.com\/index.php?rest_route=\/wp\/v2\/users\/2"}],"replies":[{"embeddable":true,"href":"https:\/\/pasaenmendoza.com\/index.php?rest_route=%2Fwp%2Fv2%2Fcomments&post=15883"}],"version-history":[{"count":2,"href":"https:\/\/pasaenmendoza.com\/index.php?rest_route=\/wp\/v2\/posts\/15883\/revisions"}],"predecessor-version":[{"id":15886,"href":"https:\/\/pasaenmendoza.com\/index.php?rest_route=\/wp\/v2\/posts\/15883\/revisions\/15886"}],"wp:featuredmedia":[{"embeddable":true,"href":"https:\/\/pasaenmendoza.com\/index.php?rest_route=\/wp\/v2\/media\/15884"}],"wp:attachment":[{"href":"https:\/\/pasaenmendoza.com\/index.php?rest_route=%2Fwp%2Fv2%2Fmedia&parent=15883"}],"wp:term":[{"taxonomy":"category","embeddable":true,"href":"https:\/\/pasaenmendoza.com\/index.php?rest_route=%2Fwp%2Fv2%2Fcategories&post=15883"},{"taxonomy":"post_tag","embeddable":true,"href":"https:\/\/pasaenmendoza.com\/index.php?rest_route=%2Fwp%2Fv2%2Ftags&post=15883"}],"curies":[{"name":"wp","href":"https:\/\/api.w.org\/{rel}","templated":true}]}}