{"id":15887,"date":"2025-11-27T00:50:58","date_gmt":"2025-11-26T23:50:58","guid":{"rendered":"https:\/\/pasaenmendoza.com\/?p=15887"},"modified":"2025-11-27T00:50:59","modified_gmt":"2025-11-26T23:50:59","slug":"lujan-de-cuyo-aseguro-que-en-diciembre-empieza-la-construccion-de-la-primera-etapa-del-polo-logistico","status":"publish","type":"post","link":"https:\/\/pasaenmendoza.com\/?p=15887","title":{"rendered":"Luj\u00e1n de Cuyo asegur\u00f3 que en diciembre empieza la construcci\u00f3n de la primera etapa del polo log\u00edstico"},"content":{"rendered":"\n<p>Fuentes de la<strong>\u00a0Municipalidad de Luj\u00e1n de Cuyo\u00a0<\/strong>anunciaron que los primeros d\u00edas de diciembre comenzar\u00e1 la construcci\u00f3n del\u00a0<strong>polo log\u00edstico<\/strong>, a cargo de la Uni\u00f3n Transitoria de Empresas (UTE)\u00a0compuesta por Andesmar Cargas, KRC Global (Grupo Kristich), Laugero Construcciones, Autotransportes Andesmar y Servicios y Mandatos, que logr\u00f3 la adjudicaci\u00f3n del proceso licitatorio.<\/p>\n\n\n\n<p>La comuna, encabezada por el intendente&nbsp;<strong>Esteban Allasino<\/strong>, realizar\u00e1 un acto de apertura de las obras que tendr\u00e1 una primera etapa en el proyecto, valuado en<strong>&nbsp;100 millones de d\u00f3lares<\/strong>. La expectativa es alta, ya que hay un d\u00e9ficit en servicios para el&nbsp;<strong>transporte de carga&nbsp;<\/strong>internacional, sobre todo, cuando se producen los cortes en el Paso Internacional Cristo Redentor y miles de camiones quedan varados.<\/p>\n\n\n\n<p>La plataforma log\u00edstica se construir\u00e1 sobre la&nbsp;<strong>Ruta 7<\/strong>, a la altura de la Refiner\u00eda de YPF.<\/p>\n\n\n\n<p>El ambicioso proyecto busca ser el nodo del corredor bioce\u00e1nico, siendo una plataforma de servicios para el movimiento de cargas. Incluso, ser\u00e1 usado por San Juan para sacar productos de la<strong>\u00a0miner\u00eda<\/strong>. M\u00e1s tarde, ser\u00e1 el espacio que albergue tambi\u00e9n al Puerto Seco, emplazado actualmente en Godoy Cruz. El plan contempla 5 a\u00f1os para el desarrollo de la infraestructura.<\/p>\n\n\n\n<h2 class=\"wp-block-heading\">Las etapas y los servicios de la plataforma log\u00edstica de Luj\u00e1n de Cuyo<\/h2>\n\n\n\n<p>El nuevo parador tendr\u00e1 la capacidad de albergar aproximadamente&nbsp;<strong>10.000 camiones<\/strong>&nbsp;y contar\u00e1 con infraestructura clave, que incluye una Estaci\u00f3n Intermodal para&nbsp;<strong>camiones&nbsp;<\/strong>y trenes, una plataforma de servicios al transportista, una Zona de almacenes (que se desarrollar\u00e1 en dos etapas) y una Zona Primaria Aduanera, tambi\u00e9n conocida como&nbsp;<strong>Puerto Seco<\/strong>. Esta iniciativa generar\u00e1 cientos de nuevos empleos, tanto directos como indirectos.<\/p>\n\n\n\n<p>El proyecto incluye una estaci\u00f3n de servicio, hotel y servicios gastron\u00f3micos. Adem\u00e1s, un centro de transferencia ferroviaria, un cuartel de Bomberos y destacamento de Gendarmer\u00eda Nacional, como tambi\u00e9n&nbsp;<strong>infraestructura<\/strong>&nbsp;vial interna y dep\u00f3sitos fiscales.<\/p>\n\n\n\n<p>En los pr\u00f3ximos dos a\u00f1os se ver\u00e1 la mini ciudad que promete ser la plataforma log\u00edstica.<\/p>\n\n\n\n<h2 class=\"wp-block-heading\">Foro Log\u00edstico en Mendoza<\/h2>\n\n\n\n<p>El Subsecretario de Industria, Comercio y Log\u00edstica de Mendoza,<strong>&nbsp;Alberto Marengo,<\/strong>&nbsp;adelant\u00f3 detalles del evento que tendr\u00e1 lugar el pr\u00f3ximo 28 de noviembre con Foro Log\u00edstico 2025: Conectando Futuro.<\/p>\n\n\n\n<p>Marengo destac\u00f3 que la jornada de trabajo tendr\u00e1 distintas<strong>&nbsp;mesas&nbsp;<\/strong>con actores del \u00e1mbito<strong>&nbsp;universitario,<\/strong>&nbsp;<strong>empresarial&nbsp;<\/strong>y del&nbsp;<strong>Estado&nbsp;<\/strong>para potenciar el desarrollo log\u00edstico y prepararlo para los pr\u00f3ximos a\u00f1os en el que se estima un crecimiento importante en las&nbsp;<strong>exportaciones<\/strong>. Uno de los factores ser\u00e1 el boom minero.<\/p>\n\n\n\n<p>&#8220;Nosotros estamos concibiendo la log\u00edstica no s\u00f3lo desde la jurisdicci\u00f3n provincial, sino de manera integrada con\u00a0<strong>San Juan<\/strong>, teniendo en cuenta con los minerales que se extraen all\u00ed tienen un paso obligado por Mendoza&#8221;.<\/p>\n\n\n\n<p>Entre las novedades, el funcionario puntualiz\u00f3 la disertaci\u00f3n de especialistas en la&nbsp;<strong>log\u00edstica&nbsp;<\/strong>del litio que se traslada en una de las geograf\u00edas m\u00e1s complejas como es la puna, en Salta.<\/p>\n\n\n\n<p>&#8220;Vamos a compartir y analizar los casos exitosos de la log\u00edstica para estar preparados para lo que se viene, con la infraestructura y el talento humano que tambi\u00e9n tiene Mendoza&#8221;, asever\u00f3.<\/p>\n\n\n\n<p>Tambi\u00e9n subray\u00f3 el aporte de otro experto en miner\u00eda, como es el caso de Leonardo Guevara, quien es gerente de Log\u00edstica en&nbsp;<strong>Vicu\u00f1a Corp<\/strong>, que operar\u00e1 el yacimiento m\u00e1s importante de oro, plata y cobre entre San Juan y Chile.<\/p>\n\n\n\n<p>Por \u00faltimo, Marengo hizo hincapi\u00e9 en la planificaci\u00f3n que realizan los municipios en la log\u00edstica, sobre todo aquellos que est\u00e1n emplazados en puntos estrat\u00e9gicos como es la experiencia de Luj\u00e1n de Cuyo, liderada por el intendente Allasino; en San Mart\u00edn por el intendente Ra\u00fal Rufeil; Malarg\u00fce, por su par Celso Jaque y Las Heras, por Francisco Lo Presti.<\/p>\n\n\n\n<p><strong>Fuente: www.diariouno.com.ar<\/strong><\/p>\n","protected":false},"excerpt":{"rendered":"<p>Fuentes de la\u00a0Municipalidad de Luj\u00e1n de Cuyo\u00a0anunciaron que los primeros d\u00edas de diciembre comenzar\u00e1 la construcci\u00f3n del\u00a0polo log\u00edstico, a cargo de la Uni\u00f3n Transitoria de Empresas (UTE)\u00a0compuesta por Andesmar Cargas, KRC Global (Grupo Kristich), Laugero Construcciones, Autotransportes Andesmar y Servicios y Mandatos, que logr\u00f3 la adjudicaci\u00f3n del proceso licitatorio. La comuna, encabezada por el intendente&nbsp;Esteban [&hellip;]<\/p>\n","protected":false},"author":2,"featured_media":15888,"comment_status":"open","ping_status":"open","sticky":false,"template":"","format":"standard","meta":[],"categories":[47],"tags":[],"_links":{"self":[{"href":"https:\/\/pasaenmendoza.com\/index.php?rest_route=\/wp\/v2\/posts\/15887"}],"collection":[{"href":"https:\/\/pasaenmendoza.com\/index.php?rest_route=\/wp\/v2\/posts"}],"about":[{"href":"https:\/\/pasaenmendoza.com\/index.php?rest_route=\/wp\/v2\/types\/post"}],"author":[{"embeddable":true,"href":"https:\/\/pasaenmendoza.com\/index.php?rest_route=\/wp\/v2\/users\/2"}],"replies":[{"embeddable":true,"href":"https:\/\/pasaenmendoza.com\/index.php?rest_route=%2Fwp%2Fv2%2Fcomments&post=15887"}],"version-history":[{"count":1,"href":"https:\/\/pasaenmendoza.com\/index.php?rest_route=\/wp\/v2\/posts\/15887\/revisions"}],"predecessor-version":[{"id":15889,"href":"https:\/\/pasaenmendoza.com\/index.php?rest_route=\/wp\/v2\/posts\/15887\/revisions\/15889"}],"wp:featuredmedia":[{"embeddable":true,"href":"https:\/\/pasaenmendoza.com\/index.php?rest_route=\/wp\/v2\/media\/15888"}],"wp:attachment":[{"href":"https:\/\/pasaenmendoza.com\/index.php?rest_route=%2Fwp%2Fv2%2Fmedia&parent=15887"}],"wp:term":[{"taxonomy":"category","embeddable":true,"href":"https:\/\/pasaenmendoza.com\/index.php?rest_route=%2Fwp%2Fv2%2Fcategories&post=15887"},{"taxonomy":"post_tag","embeddable":true,"href":"https:\/\/pasaenmendoza.com\/index.php?rest_route=%2Fwp%2Fv2%2Ftags&post=15887"}],"curies":[{"name":"wp","href":"https:\/\/api.w.org\/{rel}","templated":true}]}}