{"id":15890,"date":"2025-11-27T00:56:01","date_gmt":"2025-11-26T23:56:01","guid":{"rendered":"https:\/\/pasaenmendoza.com\/?p=15890"},"modified":"2025-11-27T00:56:02","modified_gmt":"2025-11-26T23:56:02","slug":"cornejo-y-el-resto-del-consejo-de-mayo-pulen-la-reforma-laboral-que-sera-presentada-en-diciembre","status":"publish","type":"post","link":"https:\/\/pasaenmendoza.com\/?p=15890","title":{"rendered":"Cornejo y el resto del Consejo de Mayo pulen la reforma laboral que ser\u00e1 presentada en diciembre"},"content":{"rendered":"\n<p><strong>Alfredo Cornejo<\/strong>\u00a0particip\u00f3, en representaci\u00f3n de los gobernadores, de una nueva reuni\u00f3n del\u00a0<strong>Consejo de Mayo<\/strong>. El objetivo fue avanzar en una propuesta de\u00a0<strong>reforma laboral<\/strong>\u00a0que ser\u00e1 presentada formalmente en un informe a mediados de diciembre.<\/p>\n\n\n\n<p>El Jefe de Gabinete, Manuel Adorni, encabez\u00f3 el encuentro del\u00a0<strong>Consejo de Mayo<\/strong>, tras la salida de Guillermo Francos.<\/p>\n\n\n\n<p>Adem\u00e1s de&nbsp;<strong>reforma laboral<\/strong>, los integrantes del Consejo repasaron los avances en otros de los puntos del Pacto de Mayo trabajados durante el a\u00f1o, como reforma tributaria, penal y educativa, y apertura del comercio internacional.<\/p>\n\n\n\n<h2 class=\"wp-block-heading\">Reuni\u00f3n clave del Consejo de Mayo<\/h2>\n\n\n\n<p>Los consejeros se reunieron en la Casa Rosada. Adem\u00e1s de&nbsp;<strong>Alfredo Cornejo<\/strong>, fueron convocados la senadora nacional, Carolina Losada; el diputado nacional, Cristian Ritondo; el secretario general de la Uni\u00f3n Obrera de la Construcci\u00f3n de la Rep\u00fablica Argentina (UOCRA), Gerardo Mart\u00ednez; y el presidente de la Uni\u00f3n Industrial Argentina (UIA), Mart\u00edn Rappallini.<\/p>\n\n\n\n<p>Mart\u00ednez, representante de la&nbsp;<strong>CGT<\/strong>, anticip\u00f3 una posici\u00f3n dura respecto de la&nbsp;<strong>reforma laboral<\/strong>. Seg\u00fan dijo a Infobae, el planteo no es \u201canti reforma\u201d sino que lo que busca el sindicalismo es primero discutir un modelo econ\u00f3mico \u201cque apueste al desarrollo, al crecimiento, a la producci\u00f3n y, a partir de ah\u00ed, a la generaci\u00f3n de puestos de trabajo&#8221;.<\/p>\n\n\n\n<p>Tras la reuni\u00f3n, Ritondo confirm\u00f3 que, antes de que el proyecto de ley ingrese al Congreso para ser tratado en&nbsp;<strong>sesiones extraordinarias<\/strong>, ya con la nueva conformaci\u00f3n de las c\u00e1maras, el&nbsp;<strong>Consejo de Mayo<\/strong>&nbsp;volver\u00e1 a reunirse.<\/p>\n\n\n\n<p>En el informe final que ser\u00e1 presentado al Poder Ejecutivo el 9 de diciembre, tambi\u00e9n quedar\u00e1n delineados puntos relativos a la\u00a0<strong>modificaci\u00f3n del C\u00f3digo Penal<\/strong>\u00a0que se trabajar\u00e1 en una comisi\u00f3n bicameral en la que la ex ministra de Seguridad Patricia Bullrich cumplir\u00e1 un rol clave.<\/p>\n\n\n\n<h2 class=\"wp-block-heading\">Reforma laboral en Extraordinarias<\/h2>\n\n\n\n<p>El Consejo de Mayo acordar\u00e1 puntos centrales de la&nbsp;<strong>reforma laboral<\/strong>&nbsp;que terminar\u00e1 por pulir el Poder Ejecutivo, para que sea tratada en sesiones extraordinarias despu\u00e9s del 10 de diciembre. El proyecto ingresar\u00e1 por el Senado, al igual que el de modificaci\u00f3n del C\u00f3digo Penal.<\/p>\n\n\n\n<p>En Diputados, en tanto, comenzar\u00e1 le debate del Presupuesto 2026.<\/p>\n\n\n\n<h2 class=\"wp-block-heading\">Documento final del Consejo de Mayo<\/h2>\n\n\n\n<p>El&nbsp;<strong>Consejo de Mayo<\/strong>&nbsp;qued\u00f3 en reunirse una vez m\u00e1s y en trabajar internamente junto a sus asesores para presentar el informe final el 9 de diciembre.<\/p>\n\n\n\n<p>Ritondo, que habl\u00f3 ante la prensa tras el encuentro, aclar\u00f3 que el mismo no tiene car\u00e1cter vinculante para el gobierno nacional, dado que el\u00a0<strong>Consejo de Mayo<\/strong>\u00a0es un \u00f3rgano de consulta: &#8220;Hemos tra\u00eddo propuestas y el 9 de diciembre sacaremos pulido casi todo lo que hemos presentado. Seguramente no todos vamos a estar de acuerdo al 100%, pero tendremos un producto de lo que hemos trabajado durante el a\u00f1o&#8221;.<\/p>\n\n\n\n<p><strong>Fuente: www.diariouno.com.ar<\/strong><\/p>\n","protected":false},"excerpt":{"rendered":"<p>Alfredo Cornejo\u00a0particip\u00f3, en representaci\u00f3n de los gobernadores, de una nueva reuni\u00f3n del\u00a0Consejo de Mayo. El objetivo fue avanzar en una propuesta de\u00a0reforma laboral\u00a0que ser\u00e1 presentada formalmente en un informe a mediados de diciembre. El Jefe de Gabinete, Manuel Adorni, encabez\u00f3 el encuentro del\u00a0Consejo de Mayo, tras la salida de Guillermo Francos. Adem\u00e1s de&nbsp;reforma laboral, los [&hellip;]<\/p>\n","protected":false},"author":2,"featured_media":15891,"comment_status":"open","ping_status":"open","sticky":false,"template":"","format":"standard","meta":[],"categories":[47],"tags":[],"_links":{"self":[{"href":"https:\/\/pasaenmendoza.com\/index.php?rest_route=\/wp\/v2\/posts\/15890"}],"collection":[{"href":"https:\/\/pasaenmendoza.com\/index.php?rest_route=\/wp\/v2\/posts"}],"about":[{"href":"https:\/\/pasaenmendoza.com\/index.php?rest_route=\/wp\/v2\/types\/post"}],"author":[{"embeddable":true,"href":"https:\/\/pasaenmendoza.com\/index.php?rest_route=\/wp\/v2\/users\/2"}],"replies":[{"embeddable":true,"href":"https:\/\/pasaenmendoza.com\/index.php?rest_route=%2Fwp%2Fv2%2Fcomments&post=15890"}],"version-history":[{"count":1,"href":"https:\/\/pasaenmendoza.com\/index.php?rest_route=\/wp\/v2\/posts\/15890\/revisions"}],"predecessor-version":[{"id":15892,"href":"https:\/\/pasaenmendoza.com\/index.php?rest_route=\/wp\/v2\/posts\/15890\/revisions\/15892"}],"wp:featuredmedia":[{"embeddable":true,"href":"https:\/\/pasaenmendoza.com\/index.php?rest_route=\/wp\/v2\/media\/15891"}],"wp:attachment":[{"href":"https:\/\/pasaenmendoza.com\/index.php?rest_route=%2Fwp%2Fv2%2Fmedia&parent=15890"}],"wp:term":[{"taxonomy":"category","embeddable":true,"href":"https:\/\/pasaenmendoza.com\/index.php?rest_route=%2Fwp%2Fv2%2Fcategories&post=15890"},{"taxonomy":"post_tag","embeddable":true,"href":"https:\/\/pasaenmendoza.com\/index.php?rest_route=%2Fwp%2Fv2%2Ftags&post=15890"}],"curies":[{"name":"wp","href":"https:\/\/api.w.org\/{rel}","templated":true}]}}