{"id":15910,"date":"2025-11-27T23:56:11","date_gmt":"2025-11-27T22:56:11","guid":{"rendered":"https:\/\/pasaenmendoza.com\/?p=15910"},"modified":"2025-11-27T23:56:12","modified_gmt":"2025-11-27T22:56:12","slug":"artistas-confirmados-para-un-nuevo-encuentro-de-las-naciones-en-junin","status":"publish","type":"post","link":"https:\/\/pasaenmendoza.com\/?p=15910","title":{"rendered":"Artistas confirmados para un nuevo Encuentro de las Naciones en Jun\u00edn"},"content":{"rendered":"\n<p><strong>Jun\u00edn\u00a0<\/strong>ya se prepara para vivir una nueva edici\u00f3n del\u00a0<strong>Encuentro de las Naciones\u00a0<\/strong>y la\u00a0<strong>Vendimia departamental<\/strong>, una de las celebraciones culturales m\u00e1s convocantes del Este mendocino. Entre el\u00a0<strong>viernes 16 y el domingo 18 de enero<\/strong>, el\u00a0<strong>Parque Recreativo Due\u00f1o del Sol<\/strong>\u00a0volver\u00e1 a llenarse de m\u00fasica, danzas, colectividades internacionales y propuestas gastron\u00f3micas para toda la familia.<\/p>\n\n\n\n<p>La edici\u00f3n 2025 llega con una grilla renovada y artistas de renombre:<\/p>\n\n\n\n<ul>\n<li><strong>Viernes 16:<\/strong>&nbsp;<em>Indio Rojas<\/em>&nbsp;y&nbsp;<em>Estelares<\/em>&nbsp;ser\u00e1n los encargados de abrir el festival.<\/li>\n\n\n\n<li><strong>S\u00e1bado 17:<\/strong>&nbsp;se realizar\u00e1 la tradicional&nbsp;<strong>Vendimia departamental<\/strong>, que coronar\u00e1 a la nueva soberana, y el cierre musical estar\u00e1 a cargo de&nbsp;<strong>Dyango<\/strong>.<\/li>\n\n\n\n<li><strong>Domingo 18:<\/strong>\u00a0el evento concluir\u00e1 con la energ\u00eda festiva de\u00a0<strong>Los Caligaris<\/strong>.<\/li>\n<\/ul>\n\n\n\n<p>Como cada a\u00f1o, el Encuentro de las Naciones reunir\u00e1 a\u00a0<strong>m\u00e1s de 20 colectividades<\/strong>, que mostrar\u00e1n sus costumbres a trav\u00e9s de trajes t\u00edpicos, m\u00fasica, danzas y sabores caracter\u00edsticos de cada regi\u00f3n. Habr\u00e1\u00a0<strong>stands gastron\u00f3micos<\/strong>, patio de comidas r\u00e1pidas, sector de pasteler\u00eda, licuados y helados, food trucks, bodegas artesanales, puestos regionales y un espacio dedicado a artesanos con muchas propuestas.<\/p>\n\n\n\n<p>Adem\u00e1s del espect\u00e1culo art\u00edstico, el s\u00e1bado se vivir\u00e1 la fiesta de la Vendimia juninense. En ediciones anteriores, m\u00e1s de\u00a0<strong>40 mil personas<\/strong>\u00a0disfrutaron del espect\u00e1culo vendimial, convertido ya en un \u00edcono cultural del departamento.<\/p>\n\n\n\n<p><strong>Fuente: www.diariomendoza.com.ar<\/strong><\/p>\n","protected":false},"excerpt":{"rendered":"<p>Jun\u00edn\u00a0ya se prepara para vivir una nueva edici\u00f3n del\u00a0Encuentro de las Naciones\u00a0y la\u00a0Vendimia departamental, una de las celebraciones culturales m\u00e1s convocantes del Este mendocino. Entre el\u00a0viernes 16 y el domingo 18 de enero, el\u00a0Parque Recreativo Due\u00f1o del Sol\u00a0volver\u00e1 a llenarse de m\u00fasica, danzas, colectividades internacionales y propuestas gastron\u00f3micas para toda la familia. La edici\u00f3n 2025 [&hellip;]<\/p>\n","protected":false},"author":2,"featured_media":15911,"comment_status":"open","ping_status":"open","sticky":false,"template":"","format":"standard","meta":[],"categories":[74],"tags":[],"_links":{"self":[{"href":"https:\/\/pasaenmendoza.com\/index.php?rest_route=\/wp\/v2\/posts\/15910"}],"collection":[{"href":"https:\/\/pasaenmendoza.com\/index.php?rest_route=\/wp\/v2\/posts"}],"about":[{"href":"https:\/\/pasaenmendoza.com\/index.php?rest_route=\/wp\/v2\/types\/post"}],"author":[{"embeddable":true,"href":"https:\/\/pasaenmendoza.com\/index.php?rest_route=\/wp\/v2\/users\/2"}],"replies":[{"embeddable":true,"href":"https:\/\/pasaenmendoza.com\/index.php?rest_route=%2Fwp%2Fv2%2Fcomments&post=15910"}],"version-history":[{"count":1,"href":"https:\/\/pasaenmendoza.com\/index.php?rest_route=\/wp\/v2\/posts\/15910\/revisions"}],"predecessor-version":[{"id":15912,"href":"https:\/\/pasaenmendoza.com\/index.php?rest_route=\/wp\/v2\/posts\/15910\/revisions\/15912"}],"wp:featuredmedia":[{"embeddable":true,"href":"https:\/\/pasaenmendoza.com\/index.php?rest_route=\/wp\/v2\/media\/15911"}],"wp:attachment":[{"href":"https:\/\/pasaenmendoza.com\/index.php?rest_route=%2Fwp%2Fv2%2Fmedia&parent=15910"}],"wp:term":[{"taxonomy":"category","embeddable":true,"href":"https:\/\/pasaenmendoza.com\/index.php?rest_route=%2Fwp%2Fv2%2Fcategories&post=15910"},{"taxonomy":"post_tag","embeddable":true,"href":"https:\/\/pasaenmendoza.com\/index.php?rest_route=%2Fwp%2Fv2%2Ftags&post=15910"}],"curies":[{"name":"wp","href":"https:\/\/api.w.org\/{rel}","templated":true}]}}