{"id":15914,"date":"2025-11-28T15:46:55","date_gmt":"2025-11-28T14:46:55","guid":{"rendered":"https:\/\/pasaenmendoza.com\/?p=15914"},"modified":"2025-11-28T15:46:56","modified_gmt":"2025-11-28T14:46:56","slug":"el-tiempo-en-mendoza-alerta-por-tormentas-y-posible-caida-de-granizo","status":"publish","type":"post","link":"https:\/\/pasaenmendoza.com\/?p=15914","title":{"rendered":"El tiempo en Mendoza: alerta por tormentas y posible ca\u00edda de granizo"},"content":{"rendered":"\n<p>El&nbsp;<strong>Servicio Meteorol\u00f3gico Nacional<\/strong>&nbsp;activ\u00f3 una advertencia por tormentas para este viernes en amplias zonas de&nbsp;<strong>Mendoza<\/strong>. El organismo prev\u00e9 fen\u00f3menos de variada intensidad, con posibilidad de episodios \u201c<strong>localmente fuertes\u201d<\/strong><em>&nbsp;<\/em>y presencia de&nbsp;<strong>granizo<\/strong>.<\/p>\n\n\n\n<p>La alerta amarilla rige para el sector este de la provincia e incluye \u00e1reas de Las Heras, La Paz, Lavalle, San Mart\u00edn, Santa Rosa, General Alvear y San Rafael.<\/p>\n\n\n\n<p>El reporte oficial indica que la provincia podr\u00eda enfrentar tormentas aisladas con actividad el\u00e9ctrica frecuente, r\u00e1fagas que alcanzar\u00edan los 80 km\/h y abundante ca\u00edda de agua en cortos per\u00edodos. Los acumulados esperados oscilan entre 30 y 50 mil\u00edmetros, aunque no se descartan valores superiores en puntos espec\u00edficos. La mayor intensidad se concentrar\u00eda entre la noche del viernes y el fin de semana, reforzando el escenario de inestabilidad.<\/p>\n\n\n\n<p>Durante la jornada, se prev\u00e9 el ingreso de viento Sur desde tempranas horas, primero en el Sur provincial y luego en el Norte y Este, con velocidades promedio cercanas a los 35 km\/h. La nubosidad aumentar\u00e1 progresivamente, con focos de precipitaciones d\u00e9biles en el Sur de La Paz y partes del Valle de Uco. Hacia la noche, el Este y el Sur volver\u00e1n a quedar expuestos a tormentas moderadas, mientras que en Alta Monta\u00f1a se espera cielo seminublado.<\/p>\n\n\n\n<p>El pron\u00f3stico extendido de Contingencias Clim\u00e1ticas anticipa un fin de semana marcado por la inestabilidad. Este viernes habr\u00e1 un leve descenso t\u00e9rmico, con una m\u00e1xima de 33\u00b0C. El s\u00e1bado persistir\u00e1n las tormentas y las lluvias, con escasa variaci\u00f3n en la temperatura y una m\u00e1xima cercana a los 29\u00b0C. El domingo continuar\u00e1 el deterioro de las condiciones, con un descenso hasta los 25\u00b0C y la presencia de viento Zonda en Malarg\u00fce.<\/p>\n\n\n\n<p><strong>Fuente: www.elsol.com.ar<\/strong><\/p>\n","protected":false},"excerpt":{"rendered":"<p>El&nbsp;Servicio Meteorol\u00f3gico Nacional&nbsp;activ\u00f3 una advertencia por tormentas para este viernes en amplias zonas de&nbsp;Mendoza. El organismo prev\u00e9 fen\u00f3menos de variada intensidad, con posibilidad de episodios \u201clocalmente fuertes\u201d&nbsp;y presencia de&nbsp;granizo. La alerta amarilla rige para el sector este de la provincia e incluye \u00e1reas de Las Heras, La Paz, Lavalle, San Mart\u00edn, Santa Rosa, General Alvear [&hellip;]<\/p>\n","protected":false},"author":2,"featured_media":15915,"comment_status":"open","ping_status":"open","sticky":false,"template":"","format":"standard","meta":[],"categories":[52],"tags":[],"_links":{"self":[{"href":"https:\/\/pasaenmendoza.com\/index.php?rest_route=\/wp\/v2\/posts\/15914"}],"collection":[{"href":"https:\/\/pasaenmendoza.com\/index.php?rest_route=\/wp\/v2\/posts"}],"about":[{"href":"https:\/\/pasaenmendoza.com\/index.php?rest_route=\/wp\/v2\/types\/post"}],"author":[{"embeddable":true,"href":"https:\/\/pasaenmendoza.com\/index.php?rest_route=\/wp\/v2\/users\/2"}],"replies":[{"embeddable":true,"href":"https:\/\/pasaenmendoza.com\/index.php?rest_route=%2Fwp%2Fv2%2Fcomments&post=15914"}],"version-history":[{"count":1,"href":"https:\/\/pasaenmendoza.com\/index.php?rest_route=\/wp\/v2\/posts\/15914\/revisions"}],"predecessor-version":[{"id":15916,"href":"https:\/\/pasaenmendoza.com\/index.php?rest_route=\/wp\/v2\/posts\/15914\/revisions\/15916"}],"wp:featuredmedia":[{"embeddable":true,"href":"https:\/\/pasaenmendoza.com\/index.php?rest_route=\/wp\/v2\/media\/15915"}],"wp:attachment":[{"href":"https:\/\/pasaenmendoza.com\/index.php?rest_route=%2Fwp%2Fv2%2Fmedia&parent=15914"}],"wp:term":[{"taxonomy":"category","embeddable":true,"href":"https:\/\/pasaenmendoza.com\/index.php?rest_route=%2Fwp%2Fv2%2Fcategories&post=15914"},{"taxonomy":"post_tag","embeddable":true,"href":"https:\/\/pasaenmendoza.com\/index.php?rest_route=%2Fwp%2Fv2%2Ftags&post=15914"}],"curies":[{"name":"wp","href":"https:\/\/api.w.org\/{rel}","templated":true}]}}