{"id":15920,"date":"2025-11-28T15:58:55","date_gmt":"2025-11-28T14:58:55","guid":{"rendered":"https:\/\/pasaenmendoza.com\/?p=15920"},"modified":"2025-11-28T15:58:56","modified_gmt":"2025-11-28T14:58:56","slug":"confirmaron-el-calendario-escolar-2026-cuando-arrancan-las-clases","status":"publish","type":"post","link":"https:\/\/pasaenmendoza.com\/?p=15920","title":{"rendered":"Confirmaron el calendario escolar 2026: cu\u00e1ndo arrancan las clases"},"content":{"rendered":"\n<p>El gobierno provincial, a trav\u00e9s de la\u00a0Direcci\u00f3n General de Escuelas (DGE), oficializ\u00f3 un calendario escolar de 190 d\u00edas de clases para el\u00a0<strong>ciclo lectivo 2026<\/strong>, con una jornada diaria media hora m\u00e1s extensa que el promedio nacional, lo que\u00a0<strong>implicar\u00e1 una carga horaria anual superior al m\u00ednimo fijado para el resto del pa\u00eds.<\/strong><\/p>\n\n\n\n<p>De esta manera, los estudiantes mendocinos de todos los niveles (inicial, primario y secundario) contar\u00e1n con mayor cantidad de horas reloj: 630 en Nivel Inicial; 840 en Primario (frente a 760 del piso nacional); y 940 en Secundario (por encima de las 900 recomendadas a nivel pa\u00eds).<\/p>\n\n\n\n<p>Seg\u00fan la DGE, este esquema acompa\u00f1a las pautas nacionales que prev\u00e9n un m\u00ednimo de 190 d\u00edas de clase para 2026, pero suma un plus, ya que la provincia cuenta con media hora extra diaria.<\/p>\n\n\n\n<h2 class=\"wp-block-heading\" id=\"h-cronograma-2026\">Cronograma 2026<\/h2>\n\n\n\n<ul>\n<li><strong>6 de febrero<\/strong>: presentaci\u00f3n Lineamientos Pedag\u00f3gicos<\/li>\n\n\n\n<li><strong>10 de febrero<\/strong>: presentaci\u00f3n de Docentes en las escuelas e inicio del per\u00edodo de la recuperaci\u00f3n de saberes.<\/li>\n\n\n\n<li><strong>25 de febrero<\/strong>: comienzan las clases para Nivel Inicial, Primario, Especial, J\u00f3venes y Adultos, y Primer A\u00f1o de Secundarias.<\/li>\n\n\n\n<li><strong>2 de marzo<\/strong>: ingreso de estudiantes de segundo a sexto a\u00f1o de escuelas secundarias.<\/li>\n\n\n\n<li><strong>6 al 17 de julio<\/strong>: vacaciones de invierno para todos los niveles y modalidades.<\/li>\n\n\n\n<li><strong>30 de noviembre al 18 de diciembre<\/strong>: periodo de recuperaci\u00f3n final de saberes para estudiantes que deban aprendizajes (tres semanas).<\/li>\n\n\n\n<li><strong>22 de diciembre<\/strong>: \u00faltimo d\u00eda de clases para estudiantes que adeudan aprendizajes.<\/li>\n<\/ul>\n\n\n\n<h2 class=\"wp-block-heading\" id=\"h-nivel-superior\">Nivel Superior<\/h2>\n\n\n\n<p>Para los Institutos de Nivel Superior, el cronograma de actividades se establece de la siguiente manera:<\/p>\n\n\n\n<ul>\n<li><strong>Inicio de Actividades Acad\u00e9micas\/Gesti\u00f3n:<\/strong>&nbsp;09 de febrero.<\/li>\n\n\n\n<li><strong>Inicio del Cursado Regular:<\/strong>&nbsp;25 al 31 de marzo.<\/li>\n\n\n\n<li><strong>Finalizaci\u00f3n Primer Cuatrimestre:<\/strong>&nbsp;29 de junio al 03 de julio.<\/li>\n\n\n\n<li><strong>Inicio Segundo Cuatrimestre:<\/strong>&nbsp;10 de agosto.<\/li>\n\n\n\n<li><strong>Finalizaci\u00f3n Segundo Cuatrimestre:<\/strong>&nbsp;16 al 20 de noviembre.<\/li>\n<\/ul>\n\n\n\n<p><strong>Fuente: www.elsol.com.ar<\/strong><\/p>\n","protected":false},"excerpt":{"rendered":"<p>El gobierno provincial, a trav\u00e9s de la\u00a0Direcci\u00f3n General de Escuelas (DGE), oficializ\u00f3 un calendario escolar de 190 d\u00edas de clases para el\u00a0ciclo lectivo 2026, con una jornada diaria media hora m\u00e1s extensa que el promedio nacional, lo que\u00a0implicar\u00e1 una carga horaria anual superior al m\u00ednimo fijado para el resto del pa\u00eds. De esta manera, los [&hellip;]<\/p>\n","protected":false},"author":2,"featured_media":15921,"comment_status":"open","ping_status":"open","sticky":false,"template":"","format":"standard","meta":[],"categories":[121],"tags":[],"_links":{"self":[{"href":"https:\/\/pasaenmendoza.com\/index.php?rest_route=\/wp\/v2\/posts\/15920"}],"collection":[{"href":"https:\/\/pasaenmendoza.com\/index.php?rest_route=\/wp\/v2\/posts"}],"about":[{"href":"https:\/\/pasaenmendoza.com\/index.php?rest_route=\/wp\/v2\/types\/post"}],"author":[{"embeddable":true,"href":"https:\/\/pasaenmendoza.com\/index.php?rest_route=\/wp\/v2\/users\/2"}],"replies":[{"embeddable":true,"href":"https:\/\/pasaenmendoza.com\/index.php?rest_route=%2Fwp%2Fv2%2Fcomments&post=15920"}],"version-history":[{"count":1,"href":"https:\/\/pasaenmendoza.com\/index.php?rest_route=\/wp\/v2\/posts\/15920\/revisions"}],"predecessor-version":[{"id":15922,"href":"https:\/\/pasaenmendoza.com\/index.php?rest_route=\/wp\/v2\/posts\/15920\/revisions\/15922"}],"wp:featuredmedia":[{"embeddable":true,"href":"https:\/\/pasaenmendoza.com\/index.php?rest_route=\/wp\/v2\/media\/15921"}],"wp:attachment":[{"href":"https:\/\/pasaenmendoza.com\/index.php?rest_route=%2Fwp%2Fv2%2Fmedia&parent=15920"}],"wp:term":[{"taxonomy":"category","embeddable":true,"href":"https:\/\/pasaenmendoza.com\/index.php?rest_route=%2Fwp%2Fv2%2Fcategories&post=15920"},{"taxonomy":"post_tag","embeddable":true,"href":"https:\/\/pasaenmendoza.com\/index.php?rest_route=%2Fwp%2Fv2%2Ftags&post=15920"}],"curies":[{"name":"wp","href":"https:\/\/api.w.org\/{rel}","templated":true}]}}