{"id":15923,"date":"2025-11-28T16:01:29","date_gmt":"2025-11-28T15:01:29","guid":{"rendered":"https:\/\/pasaenmendoza.com\/?p=15923"},"modified":"2025-11-28T16:01:30","modified_gmt":"2025-11-28T15:01:30","slug":"paso-a-chile-demoras-y-pronostico-de-inestabilidad-en-alta-montana","status":"publish","type":"post","link":"https:\/\/pasaenmendoza.com\/?p=15923","title":{"rendered":"Paso a Chile: demoras y pron\u00f3stico de inestabilidad en alta monta\u00f1a"},"content":{"rendered":"\n<p>Autoridades de la Coordinaci\u00f3n del<strong>\u00a0Paso Internacional Cristo Redentor<\/strong>\u00a0informaron que este 28 de noviembre, la frontera se encuentra\u00a0<strong>habilitada<\/strong>\u00a0en ambos sentidos de circulaci\u00f3n durante las 24 horas. El\u00a0<strong>Paso Pehuenche abre desde las 9 horas.<\/strong>\u00a0El pron\u00f3stico para el fin de semana indica inestabilidad en alta monta\u00f1a.<\/p>\n\n\n\n<p>El\u00a0<strong>paso a Chile\u00a0<\/strong>se encuentra<strong>\u00a0habilitado<\/strong>\u00a0durante las 24 horas para veh\u00edculos de pasajeros, carga y particulares. El cielo se encuentra parcialmente nublado y las condiciones meteorol\u00f3gicas son \u00f3ptimas para la transitabilidad. La temperatura m\u00e1xima en Las Cuevas ser\u00e1 de 11\u00b0C y la m\u00ednima de 2\u00b0C.<\/p>\n\n\n\n<p>Seg\u00fan informaci\u00f3n oficial, el complejo Los Libertadores, que se encuentra del lado chileno,\u00a0<strong>registra demoras de aproximadamente 90 minutos<\/strong>, mientras que del lado argentino, no hay demoras.<\/p>\n\n\n\n<h2 class=\"wp-block-heading\" id=\"h-pronostico-extendido\">Pron\u00f3stico extendido<\/h2>\n\n\n\n<p>Seg\u00fan el pron\u00f3stico del\u00a0Servicio Meteorol\u00f3gico Nacional (SMN), s\u00e1bado y domingo, el cielo estar\u00e1 nublado en Las Cuevas y hay probabilidad de lluvia. La m\u00e1xima rondar\u00e1 los 8\u00b0C y la m\u00ednima 0\u00b0C.<\/p>\n\n\n\n<p>El lunes comenzar\u00e1n a mejorar las condiciones meteorol\u00f3gicas, con cielo algo nublado y temperaturas similares a las del fin de semana.<\/p>\n\n\n\n<h2 class=\"wp-block-heading\" id=\"h-paso-pehuenche\">Paso Pehuenche<\/h2>\n\n\n\n<p>Este viernes, el Paso Pehuenche se habilitar\u00e1 de 9 a 18 horas para todo tipo de veh\u00edculos, en ambos sentidos de circulaci\u00f3n.<\/p>\n\n\n\n<p>La Ruta Nacional 145 se encuentra transitable con precauci\u00f3n entre la localidad de Las Loicas y el l\u00edmite internacional por calzada en reparaci\u00f3n, acorde a lo informado por Vialidad Nacional.<\/p>\n\n\n\n<p><strong>Fuente: www.elsol.com.ar<\/strong><\/p>\n","protected":false},"excerpt":{"rendered":"<p>Autoridades de la Coordinaci\u00f3n del\u00a0Paso Internacional Cristo Redentor\u00a0informaron que este 28 de noviembre, la frontera se encuentra\u00a0habilitada\u00a0en ambos sentidos de circulaci\u00f3n durante las 24 horas. El\u00a0Paso Pehuenche abre desde las 9 horas.\u00a0El pron\u00f3stico para el fin de semana indica inestabilidad en alta monta\u00f1a. El\u00a0paso a Chile\u00a0se encuentra\u00a0habilitado\u00a0durante las 24 horas para veh\u00edculos de pasajeros, carga [&hellip;]<\/p>\n","protected":false},"author":2,"featured_media":15924,"comment_status":"open","ping_status":"open","sticky":false,"template":"","format":"standard","meta":[],"categories":[66],"tags":[],"_links":{"self":[{"href":"https:\/\/pasaenmendoza.com\/index.php?rest_route=\/wp\/v2\/posts\/15923"}],"collection":[{"href":"https:\/\/pasaenmendoza.com\/index.php?rest_route=\/wp\/v2\/posts"}],"about":[{"href":"https:\/\/pasaenmendoza.com\/index.php?rest_route=\/wp\/v2\/types\/post"}],"author":[{"embeddable":true,"href":"https:\/\/pasaenmendoza.com\/index.php?rest_route=\/wp\/v2\/users\/2"}],"replies":[{"embeddable":true,"href":"https:\/\/pasaenmendoza.com\/index.php?rest_route=%2Fwp%2Fv2%2Fcomments&post=15923"}],"version-history":[{"count":1,"href":"https:\/\/pasaenmendoza.com\/index.php?rest_route=\/wp\/v2\/posts\/15923\/revisions"}],"predecessor-version":[{"id":15925,"href":"https:\/\/pasaenmendoza.com\/index.php?rest_route=\/wp\/v2\/posts\/15923\/revisions\/15925"}],"wp:featuredmedia":[{"embeddable":true,"href":"https:\/\/pasaenmendoza.com\/index.php?rest_route=\/wp\/v2\/media\/15924"}],"wp:attachment":[{"href":"https:\/\/pasaenmendoza.com\/index.php?rest_route=%2Fwp%2Fv2%2Fmedia&parent=15923"}],"wp:term":[{"taxonomy":"category","embeddable":true,"href":"https:\/\/pasaenmendoza.com\/index.php?rest_route=%2Fwp%2Fv2%2Fcategories&post=15923"},{"taxonomy":"post_tag","embeddable":true,"href":"https:\/\/pasaenmendoza.com\/index.php?rest_route=%2Fwp%2Fv2%2Ftags&post=15923"}],"curies":[{"name":"wp","href":"https:\/\/api.w.org\/{rel}","templated":true}]}}