{"id":15926,"date":"2025-11-29T00:31:13","date_gmt":"2025-11-28T23:31:13","guid":{"rendered":"https:\/\/pasaenmendoza.com\/?p=15926"},"modified":"2025-11-29T00:31:14","modified_gmt":"2025-11-28T23:31:14","slug":"aysam-defendio-en-audiencia-publica-una-suba-de-la-tarifa-de-agua-del-175-desde-enero","status":"publish","type":"post","link":"https:\/\/pasaenmendoza.com\/?p=15926","title":{"rendered":"AYSAM defendi\u00f3 en audiencia p\u00fablica una suba de la tarifa de agua del 17,5% desde enero"},"content":{"rendered":"\n<p><strong>AYSAM<\/strong>\u00a0termin\u00f3 de formalizar este viernes en\u00a0<strong>audiencia p\u00fablica<\/strong>\u00a0un pedido de\u00a0<strong>suba<\/strong>\u00a0de\u00a0<strong>tarifa<\/strong>\u00a0para el servicio de\u00a0<strong>agua potable<\/strong>\u00a0y cloacas del 17,48% correspondiente al 2026. Ahora la decisi\u00f3n final sobre c\u00f3mo se aplicar\u00e1 ser\u00e1 del gobernador Alfredo Cornejo.<\/p>\n\n\n\n<p>El presidente de<strong>&nbsp;AYSAM<\/strong>, Humberto Mingorance, y el gerente general, Dar\u00edo Hern\u00e1ndez, dieron los argumentos para justificar una nueva readecuaci\u00f3n de precios del servicio. La audiencia se realiz\u00f3 en un auditorio de Godoy Cruz y tambi\u00e9n v\u00eda Zoom.<\/p>\n\n\n\n<p>&#8220;El incremento del 17,48% es el necesario para equilibrar el presupuesto de la empresa el a\u00f1o pr\u00f3ximo&#8221;, se\u00f1alaron sobre el ajuste que, de acuerdo a la presentaci\u00f3n, deber\u00eda entrar en vigencia desde el 31 de enero.<\/p>\n\n\n\n<p><strong>AYSAM<\/strong>\u00a0termin\u00f3 de formalizar este viernes en\u00a0<strong>audiencia p\u00fablica<\/strong>\u00a0un pedido de\u00a0<strong>suba<\/strong>\u00a0de\u00a0<strong>tarifa<\/strong>\u00a0para el servicio de\u00a0<strong>agua potable<\/strong>\u00a0y cloacas del 17,48% correspondiente al 2026. Ahora la decisi\u00f3n final sobre c\u00f3mo se aplicar\u00e1 ser\u00e1 del gobernador Alfredo Cornejo.<\/p>\n\n\n\n<p>El presidente de<strong>&nbsp;AYSAM<\/strong>, Humberto Mingorance, y el gerente general, Dar\u00edo Hern\u00e1ndez, dieron los argumentos para justificar una nueva readecuaci\u00f3n de precios del servicio. La audiencia se realiz\u00f3 en un auditorio de Godoy Cruz y tambi\u00e9n v\u00eda Zoom.<\/p>\n\n\n\n<p>&#8220;El incremento del 17,48% es el necesario para equilibrar el presupuesto de la empresa el a\u00f1o pr\u00f3ximo&#8221;, se\u00f1alaron sobre el ajuste que, de acuerdo a la presentaci\u00f3n, deber\u00eda entrar en vigencia desde el 31 de enero.<\/p>\n\n\n\n<p>Este a\u00f1o\u00a0<strong>AYSAM<\/strong>\u00a0aplic\u00f3 un aumento acumulado superior al 30%, en dos tramos. As\u00ed lo aprob\u00f3 el gobernador Cornejo por decreto a fines de febrero pasado. La empresa aplic\u00f3 un primer ajuste de la tarifa por suministro de agua potable y saneamiento del 25%. Y desde julio sum\u00f3 un 6,64% acumulativo con el primer incremento.<\/p>\n\n\n\n<p><strong>Fuente: www.diariouno.com.ar<\/strong><\/p>\n","protected":false},"excerpt":{"rendered":"<p>AYSAM\u00a0termin\u00f3 de formalizar este viernes en\u00a0audiencia p\u00fablica\u00a0un pedido de\u00a0suba\u00a0de\u00a0tarifa\u00a0para el servicio de\u00a0agua potable\u00a0y cloacas del 17,48% correspondiente al 2026. Ahora la decisi\u00f3n final sobre c\u00f3mo se aplicar\u00e1 ser\u00e1 del gobernador Alfredo Cornejo. El presidente de&nbsp;AYSAM, Humberto Mingorance, y el gerente general, Dar\u00edo Hern\u00e1ndez, dieron los argumentos para justificar una nueva readecuaci\u00f3n de precios del servicio. [&hellip;]<\/p>\n","protected":false},"author":2,"featured_media":15927,"comment_status":"open","ping_status":"open","sticky":false,"template":"","format":"standard","meta":[],"categories":[79],"tags":[],"_links":{"self":[{"href":"https:\/\/pasaenmendoza.com\/index.php?rest_route=\/wp\/v2\/posts\/15926"}],"collection":[{"href":"https:\/\/pasaenmendoza.com\/index.php?rest_route=\/wp\/v2\/posts"}],"about":[{"href":"https:\/\/pasaenmendoza.com\/index.php?rest_route=\/wp\/v2\/types\/post"}],"author":[{"embeddable":true,"href":"https:\/\/pasaenmendoza.com\/index.php?rest_route=\/wp\/v2\/users\/2"}],"replies":[{"embeddable":true,"href":"https:\/\/pasaenmendoza.com\/index.php?rest_route=%2Fwp%2Fv2%2Fcomments&post=15926"}],"version-history":[{"count":1,"href":"https:\/\/pasaenmendoza.com\/index.php?rest_route=\/wp\/v2\/posts\/15926\/revisions"}],"predecessor-version":[{"id":15928,"href":"https:\/\/pasaenmendoza.com\/index.php?rest_route=\/wp\/v2\/posts\/15926\/revisions\/15928"}],"wp:featuredmedia":[{"embeddable":true,"href":"https:\/\/pasaenmendoza.com\/index.php?rest_route=\/wp\/v2\/media\/15927"}],"wp:attachment":[{"href":"https:\/\/pasaenmendoza.com\/index.php?rest_route=%2Fwp%2Fv2%2Fmedia&parent=15926"}],"wp:term":[{"taxonomy":"category","embeddable":true,"href":"https:\/\/pasaenmendoza.com\/index.php?rest_route=%2Fwp%2Fv2%2Fcategories&post=15926"},{"taxonomy":"post_tag","embeddable":true,"href":"https:\/\/pasaenmendoza.com\/index.php?rest_route=%2Fwp%2Fv2%2Ftags&post=15926"}],"curies":[{"name":"wp","href":"https:\/\/api.w.org\/{rel}","templated":true}]}}