{"id":15929,"date":"2025-11-29T00:36:26","date_gmt":"2025-11-28T23:36:26","guid":{"rendered":"https:\/\/pasaenmendoza.com\/?p=15929"},"modified":"2025-11-29T00:36:27","modified_gmt":"2025-11-28T23:36:27","slug":"en-chile-advirtieron-sobre-el-avance-del-crimen-organizado-tras-el-golpe-comando-a-un-tour-de-compras","status":"publish","type":"post","link":"https:\/\/pasaenmendoza.com\/?p=15929","title":{"rendered":"En Chile advirtieron sobre el avance del crimen organizado tras el golpe comando a un tour de compras"},"content":{"rendered":"\n<p>David Maldonado, un periodista chileno de la cadena Televisi\u00f3n Nacional de<strong>\u00a0Chile<\/strong>, brind\u00f3 datos sobre la marcha de la investigaci\u00f3n judicial por la encerrona y violento asalto que tuvo como v\u00edctimas a\u00a060 pasajeros que iban en un<strong>\u00a0tour de compras\u00a0<\/strong>desde Mendoza.\u00a0Reconoci\u00f3 que hay un avance del crimen organizado y de la inseguridad en la zona rural, caminos con poca infraestructura y donde no hay c\u00e1maras de seguridad.<\/p>\n\n\n\n<p><strong>Carabineros\u00a0<\/strong>busca a una\u00a0<strong>banda<\/strong>\u00a0de entre 10 y 12 personas que utiliz\u00f3\u00a0<strong>tres autos<\/strong>\u00a0para enga\u00f1ar al colectivo, de la empresa La Torre, bajo el ardid de que hab\u00edan sufrido un desperfecto para ingresar al micro y desvalijar a todas personas, incluyendo a los dos choferes que iban a bordo.<\/p>\n\n\n\n<p>&#8220;Esto tiene que ser esclarecido, pero se habla de que no eran argentinos, tampoco chilenos y que por el acento se trata de delincuentes que provienen del Caribe, colombianos o venezolanos&#8221;.<\/p>\n\n\n\n<h2 class=\"wp-block-heading\">Crimen organizado e inteligencia para captar a los tours de compras<\/h2>\n\n\n\n<p>La Justicia chilena sigue atando cabos sobre el violento asalto, ocurrido este jueves en la madrugada en la ruta 71. Hay sospechas de que la banda de asaltantes contaba con&nbsp;<strong>datos&nbsp;<\/strong>certeros del movimiento del micro argentino, desde los malls al final del d\u00eda, que es cuando retornan a la Argentina.<\/p>\n\n\n\n<p>&#8220;Apuntan a algo en particular, manejan datos de patentes. Saben que las personas a bordo llevan consigo d\u00f3lares, al igual que efectos personales de mucho valor&#8221;.<\/p>\n\n\n\n<p>El ministro de\u00a0<strong>Seguridad P\u00fablica<\/strong>\u00a0de Chile<strong>, Luis Cordero Vega<\/strong>, quien en declaraciones a\u00a0<em>Chile 24<\/em>\u00a0reconoci\u00f3: &#8220;No tenemos antecedentes previos de hechos similares. Por eso, Carabineros est\u00e1 analizando en detalle el caso, el horario en el que ocurri\u00f3 y las caracter\u00edsticas de las v\u00edctimas, con el objetivo de definir estrategias hacia adelante y determinar lo que sucedi\u00f3&#8221;.<\/p>\n\n\n\n<p><strong>Fuente: www.diariouno.com.ar<\/strong><\/p>\n","protected":false},"excerpt":{"rendered":"<p>David Maldonado, un periodista chileno de la cadena Televisi\u00f3n Nacional de\u00a0Chile, brind\u00f3 datos sobre la marcha de la investigaci\u00f3n judicial por la encerrona y violento asalto que tuvo como v\u00edctimas a\u00a060 pasajeros que iban en un\u00a0tour de compras\u00a0desde Mendoza.\u00a0Reconoci\u00f3 que hay un avance del crimen organizado y de la inseguridad en la zona rural, caminos [&hellip;]<\/p>\n","protected":false},"author":2,"featured_media":15930,"comment_status":"open","ping_status":"open","sticky":false,"template":"","format":"standard","meta":[],"categories":[50],"tags":[],"_links":{"self":[{"href":"https:\/\/pasaenmendoza.com\/index.php?rest_route=\/wp\/v2\/posts\/15929"}],"collection":[{"href":"https:\/\/pasaenmendoza.com\/index.php?rest_route=\/wp\/v2\/posts"}],"about":[{"href":"https:\/\/pasaenmendoza.com\/index.php?rest_route=\/wp\/v2\/types\/post"}],"author":[{"embeddable":true,"href":"https:\/\/pasaenmendoza.com\/index.php?rest_route=\/wp\/v2\/users\/2"}],"replies":[{"embeddable":true,"href":"https:\/\/pasaenmendoza.com\/index.php?rest_route=%2Fwp%2Fv2%2Fcomments&post=15929"}],"version-history":[{"count":1,"href":"https:\/\/pasaenmendoza.com\/index.php?rest_route=\/wp\/v2\/posts\/15929\/revisions"}],"predecessor-version":[{"id":15931,"href":"https:\/\/pasaenmendoza.com\/index.php?rest_route=\/wp\/v2\/posts\/15929\/revisions\/15931"}],"wp:featuredmedia":[{"embeddable":true,"href":"https:\/\/pasaenmendoza.com\/index.php?rest_route=\/wp\/v2\/media\/15930"}],"wp:attachment":[{"href":"https:\/\/pasaenmendoza.com\/index.php?rest_route=%2Fwp%2Fv2%2Fmedia&parent=15929"}],"wp:term":[{"taxonomy":"category","embeddable":true,"href":"https:\/\/pasaenmendoza.com\/index.php?rest_route=%2Fwp%2Fv2%2Fcategories&post=15929"},{"taxonomy":"post_tag","embeddable":true,"href":"https:\/\/pasaenmendoza.com\/index.php?rest_route=%2Fwp%2Fv2%2Ftags&post=15929"}],"curies":[{"name":"wp","href":"https:\/\/api.w.org\/{rel}","templated":true}]}}