{"id":15932,"date":"2025-11-29T00:47:05","date_gmt":"2025-11-28T23:47:05","guid":{"rendered":"https:\/\/pasaenmendoza.com\/?p=15932"},"modified":"2025-11-29T00:47:06","modified_gmt":"2025-11-28T23:47:06","slug":"el-colegio-san-nicolas-anuncio-que-prohibira-el-uso-de-celulares-en-su-ciclo-lectivo-2026","status":"publish","type":"post","link":"https:\/\/pasaenmendoza.com\/?p=15932","title":{"rendered":"El colegio San Nicol\u00e1s anunci\u00f3 que prohibir\u00e1 el uso de celulares en su ciclo lectivo 2026"},"content":{"rendered":"\n<p>El\u00a0<strong>colegio San Nicol\u00e1s<\/strong>\u00a0anunci\u00f3 una importante medida que regir\u00e1 a partir del pr\u00f3ximo a\u00f1o en su secundaria: la prohibici\u00f3n total del uso de\u00a0<strong>celulares\u00a0<\/strong>por parte de los\u00a0<strong>alumnos\u00a0<\/strong>durante su permanencia en la instituci\u00f3n. De este modo se suma a la medida adoptada a principios de este 2025 por\u00a0la escuela San Luis Gonzaga.<\/p>\n\n\n\n<p>La decisi\u00f3n responde a &#8220;la creciente preocupaci\u00f3n por el impacto negativo del uso desmedido de dispositivos m\u00f3viles en el rendimiento acad\u00e9mico, la concentraci\u00f3n y la salud emocional de los adolescentes&#8221;, seg\u00fan informaron las autoridades del&nbsp;<strong>colegio San Nicol\u00e1s<\/strong>.<\/p>\n\n\n\n<p><strong>Ramiro Pontis<\/strong>, director de Nivel Secundario del\u00a0<strong>colegio<\/strong>, explic\u00f3 los motivos que impulsaron esta resoluci\u00f3n que regir\u00e1 a partir del ciclo lectivo 2026 y se aplicar\u00e1 no s\u00f3lo para el dictado de clases sino tambi\u00e9n para todo el tiempo que los\u00a0<strong>alumnos\u00a0<\/strong>pasen en el establecimiento educativo.<\/p>\n\n\n\n<p>&#8220;Entendemos y creemos que es una problem\u00e1tica que ha llegado a un punto de perjudicar a los adolescentes y hace que, como colegio, tengamos que tomar cartas en el asunto&#8221;, manifest\u00f3 Pontis.<\/p>\n\n\n\n<p>Y destac\u00f3 que &#8220;est\u00e1 comprobado y demostrado que el uso excesivo del<strong>&nbsp;celular<\/strong>&nbsp;trae complicaciones a los chicos para prestar atenci\u00f3n, estar concentrados, les genera una ansiedad importante&#8221;.<\/p>\n\n\n\n<p>El directivo confirm\u00f3 que la resoluci\u00f3n para el a\u00f1o que viene es prohibir el uso de&nbsp;<strong>celulares&nbsp;<\/strong>durante la permanencia de los&nbsp;<strong>alumnos de secundaria&nbsp;<\/strong>en el&nbsp;<strong>colegio<\/strong>.<\/p>\n\n\n\n<h2 class=\"wp-block-heading\">Celulares fuera del colegio, una tendencia mundial<\/h2>\n\n\n\n<p>El director de Nivel Secundario del San Nicol\u00e1s tambi\u00e9n hizo un llamado a la comunidad de padres para apoyar activamente la medida, extendiendo\u00a0la limitaci\u00f3n al \u00e1mbito familiar.<\/p>\n\n\n\n<p>&#8220;Necesitamos que los padres acompa\u00f1en esta medida limitando el uso de&nbsp;<strong>celulares&nbsp;<\/strong>en sus hijos. Sabemos que es una herramienta que puede servir, pero cuando su uso es desmedido genera problemas tanto por el abuso de los chicos en las&nbsp;<strong>redes&nbsp;<\/strong>como los juegos online que los tienen atrapados&#8221;, consider\u00f3 Ramiro Pontis.<\/p>\n\n\n\n<p>La iniciativa del\u00a0<strong>colegio biling\u00fce San Nicol\u00e1s<\/strong>\u00a0se alinea con una tendencia global en crecimiento:\u00a0el movimiento de desconexi\u00f3n digital.<\/p>\n\n\n\n<p>Cada vez son m\u00e1s las instituciones educativas y gobiernos alrededor del mundo est\u00e1n implementando pol\u00edticas similares, reconociendo la necesidad de fomentar\u00a0entornos libres de distracciones tecnol\u00f3gicas\u00a0para recuperar la atenci\u00f3n plena, mejorar las interacciones sociales cara a cara y promover un desarrollo emocional y cognitivo m\u00e1s saludable en los j\u00f3venes.<\/p>\n\n\n\n<p>De este modo, el\u00a0<strong>colegio,\u00a0<\/strong>ubicado en Chacras de Coria (Luj\u00e1n de Cuyo), busca con la medida &#8220;revalorizar el tiempo y el espacio de aprendizaje como momentos dedicados exclusivamente al estudio y la convivencia escolar&#8221;.<\/p>\n\n\n\n<p><strong>Fuente: www.diariouno.com.ar<\/strong><\/p>\n","protected":false},"excerpt":{"rendered":"<p>El\u00a0colegio San Nicol\u00e1s\u00a0anunci\u00f3 una importante medida que regir\u00e1 a partir del pr\u00f3ximo a\u00f1o en su secundaria: la prohibici\u00f3n total del uso de\u00a0celulares\u00a0por parte de los\u00a0alumnos\u00a0durante su permanencia en la instituci\u00f3n. De este modo se suma a la medida adoptada a principios de este 2025 por\u00a0la escuela San Luis Gonzaga. La decisi\u00f3n responde a &#8220;la creciente [&hellip;]<\/p>\n","protected":false},"author":2,"featured_media":15933,"comment_status":"open","ping_status":"open","sticky":false,"template":"","format":"standard","meta":[],"categories":[56],"tags":[],"_links":{"self":[{"href":"https:\/\/pasaenmendoza.com\/index.php?rest_route=\/wp\/v2\/posts\/15932"}],"collection":[{"href":"https:\/\/pasaenmendoza.com\/index.php?rest_route=\/wp\/v2\/posts"}],"about":[{"href":"https:\/\/pasaenmendoza.com\/index.php?rest_route=\/wp\/v2\/types\/post"}],"author":[{"embeddable":true,"href":"https:\/\/pasaenmendoza.com\/index.php?rest_route=\/wp\/v2\/users\/2"}],"replies":[{"embeddable":true,"href":"https:\/\/pasaenmendoza.com\/index.php?rest_route=%2Fwp%2Fv2%2Fcomments&post=15932"}],"version-history":[{"count":1,"href":"https:\/\/pasaenmendoza.com\/index.php?rest_route=\/wp\/v2\/posts\/15932\/revisions"}],"predecessor-version":[{"id":15934,"href":"https:\/\/pasaenmendoza.com\/index.php?rest_route=\/wp\/v2\/posts\/15932\/revisions\/15934"}],"wp:featuredmedia":[{"embeddable":true,"href":"https:\/\/pasaenmendoza.com\/index.php?rest_route=\/wp\/v2\/media\/15933"}],"wp:attachment":[{"href":"https:\/\/pasaenmendoza.com\/index.php?rest_route=%2Fwp%2Fv2%2Fmedia&parent=15932"}],"wp:term":[{"taxonomy":"category","embeddable":true,"href":"https:\/\/pasaenmendoza.com\/index.php?rest_route=%2Fwp%2Fv2%2Fcategories&post=15932"},{"taxonomy":"post_tag","embeddable":true,"href":"https:\/\/pasaenmendoza.com\/index.php?rest_route=%2Fwp%2Fv2%2Ftags&post=15932"}],"curies":[{"name":"wp","href":"https:\/\/api.w.org\/{rel}","templated":true}]}}