{"id":15935,"date":"2025-11-29T00:54:18","date_gmt":"2025-11-28T23:54:18","guid":{"rendered":"https:\/\/pasaenmendoza.com\/?p=15935"},"modified":"2025-11-29T00:54:19","modified_gmt":"2025-11-28T23:54:19","slug":"el-modelo-minero-mendocino-sorprendio-en-panama-y-llamo-la-atencion-de-28-paises","status":"publish","type":"post","link":"https:\/\/pasaenmendoza.com\/?p=15935","title":{"rendered":"El modelo minero mendocino sorprendi\u00f3 en Panam\u00e1 y llam\u00f3 la atenci\u00f3n de 28 pa\u00edses"},"content":{"rendered":"\n<p>Mendoza particip\u00f3 de la\u00a0<strong>Expo Miner\u00eda Internacional de Panam\u00e1<\/strong>\u00a0y llev\u00f3 su estrategia de\u00a0<strong>miner\u00eda sostenible<\/strong>\u00a0a uno de los eventos m\u00e1s convocantes del sector, que reuni\u00f3\u00a0<strong>115 empresas<\/strong>,\u00a0<strong>28 pa\u00edses<\/strong>\u00a0y miles de asistentes. La invitaci\u00f3n posicion\u00f3 a la provincia entre las referencias regionales en materia de\u00a0<strong>gobernanza\u00a0minera<\/strong>.<\/p>\n\n\n\n<p>En representaci\u00f3n local viaj\u00f3 el\u00a0<strong>director de Miner\u00eda<\/strong>\u00a0del\u00a0<strong>Ministerio de Energ\u00eda y Ambiente,<\/strong>\u00a0<strong>Jer\u00f3nimo Shantal<\/strong>, quien relat\u00f3 las principales l\u00edneas de trabajo que impulsa Mendoza para consolidar su\u00a0<strong>perfil minero<\/strong>\u00a0bajo la\u00a0<strong>Ley 7722<\/strong>. El funcionario destac\u00f3 el inter\u00e9s que despert\u00f3 el\u00a0<strong>modelo provincial<\/strong>\u00a0en un pa\u00eds como Panam\u00e1, que busca reactivar su industria con especial foco en el\u00a0<strong>cobre<\/strong>.<\/p>\n\n\n\n<p>\u201cPudimos compartir experiencias con profesionales, autoridades mineras y&nbsp;<strong>c\u00e1maras empresariales<\/strong>&nbsp;de distintos pa\u00edses de la regi\u00f3n, poniendo el foco en la&nbsp;<strong>vinculaci\u00f3n comunitaria<\/strong>&nbsp;y en las&nbsp;<strong>pr\u00e1cticas de sostenibilidad<\/strong>&nbsp;que se aplican en Argentina y en la provincia\u201d, se\u00f1al\u00f3.<\/p>\n\n\n\n<p>Durante las reuniones, Shantal present\u00f3 adem\u00e1s los avances de Mendoza para posicionarse como un\u00a0<strong>hub log\u00edstico y financiero<\/strong>. Entre ellos mencion\u00f3:<\/p>\n\n\n\n<ul>\n<li><strong>Finance Day &amp; TSX Roadshow<\/strong>, donde se mostraron m\u00e1s de&nbsp;<strong>20 proyectos mineros<\/strong>&nbsp;ante fondos de inversi\u00f3n y bolsas internacionales.<\/li>\n\n\n\n<li><strong>Convenio Puente Andino<\/strong>, orientado a integrar y financiar iniciativas mineras y energ\u00e9ticas entre&nbsp;<strong>Argentina, Chile y Per\u00fa<\/strong>.<\/li>\n\n\n\n<li><strong>Articulaci\u00f3n con la Bolsa de Comercio de Mendoza<\/strong>, que trabaja en la&nbsp;<strong>estandarizaci\u00f3n de informaci\u00f3n t\u00e9cnica<\/strong>&nbsp;para inversores y en la organizaci\u00f3n de espacios de&nbsp;<strong>vinculaci\u00f3n financiera<\/strong>.<\/li>\n\n\n\n<li><strong>V\u00ednculo con TSX y TSXV<\/strong>, la principal\u00a0<strong>bolsa minera del mundo<\/strong>, que facilita el acceso de los proyectos mendocinos a\u00a0<strong>mercados de capitales globales<\/strong>.<\/li>\n<\/ul>\n\n\n\n<p>El director tambi\u00e9n expuso sobre el&nbsp;<strong>nuevo C\u00f3digo de Procedimiento Minero<\/strong>&nbsp;y las herramientas dise\u00f1adas para ordenar el desarrollo de la&nbsp;<strong>miner\u00eda sostenible<\/strong>, especialmente en el segmento&nbsp;<strong>metal\u00edfero<\/strong>, bajo est\u00e1ndares t\u00e9cnicos y ambientales actualizados.<\/p>\n\n\n\n<p>La sexta edici\u00f3n de la Expo Miner\u00eda Internacional de Panam\u00e1 reuni\u00f3 a&nbsp;<strong>empresas<\/strong>,&nbsp;<strong>organismos t\u00e9cnicos<\/strong>&nbsp;y&nbsp;<strong>representantes institucionales<\/strong>&nbsp;de Am\u00e9rica Latina, Europa y Asia. El encuentro se centr\u00f3 en la demanda creciente de&nbsp;<strong>minerales estrat\u00e9gicos<\/strong>&nbsp;para la&nbsp;<strong>transici\u00f3n energ\u00e9tica<\/strong>&nbsp;y en el an\u00e1lisis del impacto de las&nbsp;<strong>cadenas de valor mineras<\/strong>&nbsp;en la regi\u00f3n, adem\u00e1s de brindar un espacio de exhibici\u00f3n,&nbsp;<strong>intercambio t\u00e9cnico<\/strong>, social y tecnol\u00f3gico para los distintos actores de la industria.<\/p>\n\n\n\n<p><strong>Fuente: www.diariomendoza.com.ar<\/strong><a href=\"https:\/\/www.diariomendoza.com.ar\/sociedad\/reaparecio-pez-fue-dado-extinto-abrio-puerta-su-conservacion-n134501\"><\/a><\/p>\n","protected":false},"excerpt":{"rendered":"<p>Mendoza particip\u00f3 de la\u00a0Expo Miner\u00eda Internacional de Panam\u00e1\u00a0y llev\u00f3 su estrategia de\u00a0miner\u00eda sostenible\u00a0a uno de los eventos m\u00e1s convocantes del sector, que reuni\u00f3\u00a0115 empresas,\u00a028 pa\u00edses\u00a0y miles de asistentes. La invitaci\u00f3n posicion\u00f3 a la provincia entre las referencias regionales en materia de\u00a0gobernanza\u00a0minera. En representaci\u00f3n local viaj\u00f3 el\u00a0director de Miner\u00eda\u00a0del\u00a0Ministerio de Energ\u00eda y Ambiente,\u00a0Jer\u00f3nimo Shantal, quien relat\u00f3 [&hellip;]<\/p>\n","protected":false},"author":2,"featured_media":15936,"comment_status":"open","ping_status":"open","sticky":false,"template":"","format":"standard","meta":[],"categories":[116],"tags":[],"_links":{"self":[{"href":"https:\/\/pasaenmendoza.com\/index.php?rest_route=\/wp\/v2\/posts\/15935"}],"collection":[{"href":"https:\/\/pasaenmendoza.com\/index.php?rest_route=\/wp\/v2\/posts"}],"about":[{"href":"https:\/\/pasaenmendoza.com\/index.php?rest_route=\/wp\/v2\/types\/post"}],"author":[{"embeddable":true,"href":"https:\/\/pasaenmendoza.com\/index.php?rest_route=\/wp\/v2\/users\/2"}],"replies":[{"embeddable":true,"href":"https:\/\/pasaenmendoza.com\/index.php?rest_route=%2Fwp%2Fv2%2Fcomments&post=15935"}],"version-history":[{"count":1,"href":"https:\/\/pasaenmendoza.com\/index.php?rest_route=\/wp\/v2\/posts\/15935\/revisions"}],"predecessor-version":[{"id":15937,"href":"https:\/\/pasaenmendoza.com\/index.php?rest_route=\/wp\/v2\/posts\/15935\/revisions\/15937"}],"wp:featuredmedia":[{"embeddable":true,"href":"https:\/\/pasaenmendoza.com\/index.php?rest_route=\/wp\/v2\/media\/15936"}],"wp:attachment":[{"href":"https:\/\/pasaenmendoza.com\/index.php?rest_route=%2Fwp%2Fv2%2Fmedia&parent=15935"}],"wp:term":[{"taxonomy":"category","embeddable":true,"href":"https:\/\/pasaenmendoza.com\/index.php?rest_route=%2Fwp%2Fv2%2Fcategories&post=15935"},{"taxonomy":"post_tag","embeddable":true,"href":"https:\/\/pasaenmendoza.com\/index.php?rest_route=%2Fwp%2Fv2%2Ftags&post=15935"}],"curies":[{"name":"wp","href":"https:\/\/api.w.org\/{rel}","templated":true}]}}