{"id":15941,"date":"2025-12-01T22:30:48","date_gmt":"2025-12-01T21:30:48","guid":{"rendered":"https:\/\/pasaenmendoza.com\/?p=15941"},"modified":"2025-12-01T22:30:49","modified_gmt":"2025-12-01T21:30:49","slug":"temblo-debajo-del-cerro-aconcagua-y-repercutio-en-todo-el-gran-mendoza","status":"publish","type":"post","link":"https:\/\/pasaenmendoza.com\/?p=15941","title":{"rendered":"Tembl\u00f3 debajo del Cerro Aconcagua y repercuti\u00f3 en todo el Gran Mendoza"},"content":{"rendered":"\n<p>El\u00a0<strong>Instituto Nacional de Prevenci\u00f3n S\u00edsmica (INPRES)\u00a0<\/strong>inform\u00f3 que un nuevo movimiento tel\u00farico se produjo este lunes, otra vez en una\u00a0<strong>zona monta\u00f1osa<\/strong>\u00a0de\u00a0<strong>Las Heras,<\/strong>\u00a0y se sinti\u00f3 con cierta intensidad en varias zonas de la provincia, sobre todo en las regiones norte y metropolitana.<\/p>\n\n\n\n<p>El\u00a0<strong>sismo\u00a0<\/strong>se registr\u00f3 a las\u00a0<strong>6.44<\/strong>\u00a0y fue de\u00a0<strong>2.7 grados<\/strong>. El epicentro fue debajo del\u00a0<strong>Cerro Aconcagua<\/strong>, muy cerca de\u00a0<strong>Las Cuevas<\/strong>. El temblor se produjo a una profundidad de\u00a0<strong>124 kil\u00f3metros<\/strong>, raz\u00f3n por la cual se alcanz\u00f3 a percibir en varios sectores del Gran Mendoza.<\/p>\n\n\n\n<h3 class=\"wp-block-heading\"><strong>Respuesta y vigilancia s\u00edsmica<\/strong><\/h3>\n\n\n\n<p>Las autoridades locales y el<strong>&nbsp;INPRES<\/strong>&nbsp;han estado vigilantes ante la actividad s\u00edsmica en la regi\u00f3n. A pesar de que este sismo en particular no gener\u00f3 da\u00f1os significativos debido a su baja magnitud, su ubicaci\u00f3n cercana a centros poblados y la frecuencia de los eventos s\u00edsmicos en la regi\u00f3n sur de Argentina han llevado a un seguimiento constante por parte de las autoridades.<\/p>\n\n\n\n<p>Es importante destacar que Argentina se encuentra en una regi\u00f3n s\u00edsmicamente activa debido a la convergencia de placas tect\u00f3nicas, lo que hace que los sismos sean una realidad recurrente. Las instituciones como el<strong>\u00a0INPRES<\/strong>\u00a0desempe\u00f1an un papel fundamental en la monitorizaci\u00f3n y el an\u00e1lisis de estos eventos para garantizar la seguridad de la poblaci\u00f3n y la infraestructura.<\/p>\n\n\n\n<p><strong>Fuente: www.diariomendoza.com.ar<\/strong><\/p>\n","protected":false},"excerpt":{"rendered":"<p>El\u00a0Instituto Nacional de Prevenci\u00f3n S\u00edsmica (INPRES)\u00a0inform\u00f3 que un nuevo movimiento tel\u00farico se produjo este lunes, otra vez en una\u00a0zona monta\u00f1osa\u00a0de\u00a0Las Heras,\u00a0y se sinti\u00f3 con cierta intensidad en varias zonas de la provincia, sobre todo en las regiones norte y metropolitana. El\u00a0sismo\u00a0se registr\u00f3 a las\u00a06.44\u00a0y fue de\u00a02.7 grados. El epicentro fue debajo del\u00a0Cerro Aconcagua, muy cerca [&hellip;]<\/p>\n","protected":false},"author":2,"featured_media":15942,"comment_status":"open","ping_status":"open","sticky":false,"template":"","format":"standard","meta":[],"categories":[63],"tags":[],"_links":{"self":[{"href":"https:\/\/pasaenmendoza.com\/index.php?rest_route=\/wp\/v2\/posts\/15941"}],"collection":[{"href":"https:\/\/pasaenmendoza.com\/index.php?rest_route=\/wp\/v2\/posts"}],"about":[{"href":"https:\/\/pasaenmendoza.com\/index.php?rest_route=\/wp\/v2\/types\/post"}],"author":[{"embeddable":true,"href":"https:\/\/pasaenmendoza.com\/index.php?rest_route=\/wp\/v2\/users\/2"}],"replies":[{"embeddable":true,"href":"https:\/\/pasaenmendoza.com\/index.php?rest_route=%2Fwp%2Fv2%2Fcomments&post=15941"}],"version-history":[{"count":1,"href":"https:\/\/pasaenmendoza.com\/index.php?rest_route=\/wp\/v2\/posts\/15941\/revisions"}],"predecessor-version":[{"id":15943,"href":"https:\/\/pasaenmendoza.com\/index.php?rest_route=\/wp\/v2\/posts\/15941\/revisions\/15943"}],"wp:featuredmedia":[{"embeddable":true,"href":"https:\/\/pasaenmendoza.com\/index.php?rest_route=\/wp\/v2\/media\/15942"}],"wp:attachment":[{"href":"https:\/\/pasaenmendoza.com\/index.php?rest_route=%2Fwp%2Fv2%2Fmedia&parent=15941"}],"wp:term":[{"taxonomy":"category","embeddable":true,"href":"https:\/\/pasaenmendoza.com\/index.php?rest_route=%2Fwp%2Fv2%2Fcategories&post=15941"},{"taxonomy":"post_tag","embeddable":true,"href":"https:\/\/pasaenmendoza.com\/index.php?rest_route=%2Fwp%2Fv2%2Ftags&post=15941"}],"curies":[{"name":"wp","href":"https:\/\/api.w.org\/{rel}","templated":true}]}}