{"id":15944,"date":"2025-12-01T22:35:10","date_gmt":"2025-12-01T21:35:10","guid":{"rendered":"https:\/\/pasaenmendoza.com\/?p=15944"},"modified":"2025-12-01T22:35:11","modified_gmt":"2025-12-01T21:35:11","slug":"el-ministro-de-salud-confronto-a-los-antivacunas-y-califico-de-payasada-la-presentacion-en-el-congreso","status":"publish","type":"post","link":"https:\/\/pasaenmendoza.com\/?p=15944","title":{"rendered":"El ministro de Salud confront\u00f3 a los antivacunas y calific\u00f3 de &#8220;payasada&#8221; la presentaci\u00f3n en el Congreso"},"content":{"rendered":"\n<p>El ministro de Salud de Mendoza, Rodolfo Montero, valor\u00f3 la\u00a0<strong>vacunaci\u00f3n<\/strong>\u00a0como m\u00e9todo de erradicaci\u00f3n de enfermedades y apunt\u00f3 contra los legisladores antivacunas que llevaron al \u201chombre im\u00e1n\u201d al Congreso.<\/p>\n\n\n\n<p>\u201cLos avances de por qu\u00e9 hemos pasado de una expectativa de vida de 40 a\u00f1os a casi 80 en poco m\u00e1s de un siglo tienen mucho que ver con los antibi\u00f3ticos, con el lavado de manos y con las vacunas\u201d, confront\u00f3 Montero, durante la apertura de sobres de la licitaci\u00f3n de obras para la ampliaci\u00f3n del Hospital Notti.<\/p>\n\n\n\n<p>\u201cQue hayamos podido como sociedad erradicar la poliomielitis y hoy tengamos riesgo de ingreso de esa enfermedad con lo que implica en la par\u00e1lisis infantil, es una locura. Que hoy tengamos sarampi\u00f3n en la Argentina es una locura, y eso tiene mucho que ver con la baja de las\u00a0<strong>tasas de cobertura de vacunaci\u00f3n<\/strong>\u201d, lament\u00f3 el ministro de Salud.<\/p>\n\n\n\n<p>\u201cEscuchar y ver gente con cero evidencia cient\u00edfica hacer las\u00a0<strong>payasadas\u00a0<\/strong>que han hecho en el Congreso, en un momento en donde necesitamos que toda la sociedad tome conciencia de la\u00a0<strong>vacunaci\u00f3n<\/strong>\u00a0y efectivamente vacune y proteja a los ni\u00f1os argentinos, me parece algo muy poco coherente, y yo no le hubiera dado el espacio para que lo hicieran\u201d, dijo Montero con determinaci\u00f3n.<\/p>\n\n\n\n<h2 class=\"wp-block-heading\">Vacunaci\u00f3n en Mendoza y el resto del pa\u00eds<\/h2>\n\n\n\n<p>En Mendoza, las tasas de\u00a0<strong>vacunaci\u00f3n\u00a0<\/strong>est\u00e1n por encima del promedio nacional. A entender del ministro Rodolfo Montero, eso tiene que ver con la pol\u00edtica activa del Gobierno, especialmente respecto de la\u00a0<strong>vacunaci\u00f3n en las escuelas<\/strong>.<\/p>\n\n\n\n<p>\u201cMuchas de las provincias de Argentina dejaron de hacer&nbsp;<strong>vacunaci\u00f3n escolar<\/strong>, cosa que es un error absoluto. Nosotros mantuvimos eso, pero tambi\u00e9n gran parte de la responsabilidad es la conciencia que hay de los mendocinos a la hora de la&nbsp;<strong>vacunaci\u00f3n<\/strong>. Eso ha hecho que Mendoza hoy no tenga casos de&nbsp;<strong>sarampi\u00f3n<\/strong>\u201d, expres\u00f3 el ministro de Salud.<\/p>\n\n\n\n<p>La&nbsp;<strong>tasa de cobertura<\/strong>&nbsp;en Mendoza es de 85%, un n\u00famero bueno, pero no deseable, que es 95%. \u201cTodav\u00eda hay trabajo para hacer ah\u00ed\u201d, dijo.<\/p>\n\n\n\n<h2 class=\"wp-block-heading\">Aumento de casos de s\u00edfilis en Mendoza<\/h2>\n\n\n\n<p>Los casos de\u00a0<strong>s\u00edfilis\u00a0<\/strong>crecieron 38% en un a\u00f1o en Mendoza. Respecto de este dato, el ministro reflexion\u00f3: \u201cSe da en la provincia y en todo el pa\u00eds. La pandemia hizo da\u00f1o en las\u00a0<strong>vacunas<\/strong>, pero tambi\u00e9n en algunas otras enfermedades, como por ejemplo las de\u00a0<strong>transmisi\u00f3n sexual.<\/strong>\u00a0Ya se ven\u00eda evidenciando un aumento de la s\u00edfilis, pero ha crecido en los \u00faltimos a\u00f1os y mucho tiene que ver con la conducta de los j\u00f3venes y de los adolescentes\u201d.<\/p>\n\n\n\n<p>Para contrarrestarlo, desde el Ministerio de Salud \u201chemos profundizado mucho nuestras pol\u00edticas de promoci\u00f3n en t\u00e9rminos de cuidado adolescente en las\u00a0<strong>relaciones sexuales<\/strong>\u00a0para intentar frenar esa tendencia\u201d.<\/p>\n\n\n\n<p><strong>Fuente: www.diariouno.com.ar<\/strong><\/p>\n","protected":false},"excerpt":{"rendered":"<p>El ministro de Salud de Mendoza, Rodolfo Montero, valor\u00f3 la\u00a0vacunaci\u00f3n\u00a0como m\u00e9todo de erradicaci\u00f3n de enfermedades y apunt\u00f3 contra los legisladores antivacunas que llevaron al \u201chombre im\u00e1n\u201d al Congreso. \u201cLos avances de por qu\u00e9 hemos pasado de una expectativa de vida de 40 a\u00f1os a casi 80 en poco m\u00e1s de un siglo tienen mucho que [&hellip;]<\/p>\n","protected":false},"author":2,"featured_media":15945,"comment_status":"open","ping_status":"open","sticky":false,"template":"","format":"standard","meta":[],"categories":[58],"tags":[],"_links":{"self":[{"href":"https:\/\/pasaenmendoza.com\/index.php?rest_route=\/wp\/v2\/posts\/15944"}],"collection":[{"href":"https:\/\/pasaenmendoza.com\/index.php?rest_route=\/wp\/v2\/posts"}],"about":[{"href":"https:\/\/pasaenmendoza.com\/index.php?rest_route=\/wp\/v2\/types\/post"}],"author":[{"embeddable":true,"href":"https:\/\/pasaenmendoza.com\/index.php?rest_route=\/wp\/v2\/users\/2"}],"replies":[{"embeddable":true,"href":"https:\/\/pasaenmendoza.com\/index.php?rest_route=%2Fwp%2Fv2%2Fcomments&post=15944"}],"version-history":[{"count":1,"href":"https:\/\/pasaenmendoza.com\/index.php?rest_route=\/wp\/v2\/posts\/15944\/revisions"}],"predecessor-version":[{"id":15946,"href":"https:\/\/pasaenmendoza.com\/index.php?rest_route=\/wp\/v2\/posts\/15944\/revisions\/15946"}],"wp:featuredmedia":[{"embeddable":true,"href":"https:\/\/pasaenmendoza.com\/index.php?rest_route=\/wp\/v2\/media\/15945"}],"wp:attachment":[{"href":"https:\/\/pasaenmendoza.com\/index.php?rest_route=%2Fwp%2Fv2%2Fmedia&parent=15944"}],"wp:term":[{"taxonomy":"category","embeddable":true,"href":"https:\/\/pasaenmendoza.com\/index.php?rest_route=%2Fwp%2Fv2%2Fcategories&post=15944"},{"taxonomy":"post_tag","embeddable":true,"href":"https:\/\/pasaenmendoza.com\/index.php?rest_route=%2Fwp%2Fv2%2Ftags&post=15944"}],"curies":[{"name":"wp","href":"https:\/\/api.w.org\/{rel}","templated":true}]}}