{"id":15947,"date":"2025-12-01T23:26:32","date_gmt":"2025-12-01T22:26:32","guid":{"rendered":"https:\/\/pasaenmendoza.com\/?p=15947"},"modified":"2025-12-01T23:26:33","modified_gmt":"2025-12-01T22:26:33","slug":"plan-de-energia-solar-en-colegios-20-escuelas-tecnicas-con-paneles-y-un-ahorro-de-117-millones","status":"publish","type":"post","link":"https:\/\/pasaenmendoza.com\/?p=15947","title":{"rendered":"Plan de energ\u00eda solar en colegios: 20 escuelas t\u00e9cnicas con paneles y un ahorro de $117 millones"},"content":{"rendered":"\n<p>El\u00a0<strong>Ministerio de Educaci\u00f3n<\/strong>\u00a0complet\u00f3 la primera etapa del plan de\u00a0<strong>energ\u00eda solar<\/strong>\u00a0en las\u00a0<strong>escuelas<\/strong>\u00a0que hab\u00eda proyectado. En esta fase inicial, 20\u00a0<strong>colegios<\/strong>\u00a0t\u00e9cnicos de 12 departamentos ya tienen\u00a0<strong>paneles solares\u00a0<\/strong>en pleno funcionamiento, convirti\u00e9ndose en espacios educativos que producen energ\u00eda limpia y al mismo tiempo capacitan a sus estudiantes.<\/p>\n\n\n\n<p>Su\u00a0implementaci\u00f3n comenz\u00f3 este a\u00f1o bajo la \u00f3rbita de la Subsecretar\u00eda de Infraestructura Escolar\u00a0y se realiz\u00f3 con acompa\u00f1amiento t\u00e9cnico, capacitaciones y participaci\u00f3n directa de docentes y alumnos de las orientaciones vinculadas con electricidad,\u00a0<strong>energ\u00edas renovables<\/strong>\u00a0y electromec\u00e1nica.<\/p>\n\n\n\n<h2 class=\"wp-block-heading\">Los paneles solares en escuelas no s\u00f3lo reducen costos en las escuelas<\/h2>\n\n\n\n<p>En cada una de las&nbsp;<strong>escuelas,<\/strong>&nbsp;el proceso incluy\u00f3 la instalaci\u00f3n de&nbsp;<strong>paneles<\/strong>&nbsp;y tableros, adecuaci\u00f3n de sistemas el\u00e9ctricos, puesta a punto y capacitaci\u00f3n para que los equipos docentes trabajen la experiencia dentro del aula.<\/p>\n\n\n\n<p>Durante la \u00faltima recorrida por los colegios que participan en el plan, el\u00a0<strong>ministro de Educaci\u00f3n<\/strong>, Tadeo Garc\u00eda Zalazar, destac\u00f3 el valor pedag\u00f3gico del programa: \u201cCerramos junto a estudiantes y docentes de escuelas t\u00e9cnicas la primera etapa del plan de\u00a0<strong>paneles solares<\/strong>\u00a0en edificios escolares. Son 20 escuelas que ya generan energ\u00eda limpia, reducen costos y usan esta experiencia como parte de su formaci\u00f3n. Este es el camino: escuelas m\u00e1s modernas, sustentables y con estudiantes protagonistas de su propia formaci\u00f3n\u201d.<\/p>\n\n\n\n<p>El acompa\u00f1amiento de los equipos escolares ha sido clave para garantizar que el impacto no se limite a la infraestructura, sino tambi\u00e9n al uso did\u00e1ctico de la tecnolog\u00eda.<\/p>\n\n\n\n<p>Las&nbsp;<strong>escuelas<\/strong>&nbsp;fueron seleccionadas priorizando tres criterios: alto consumo el\u00e9ctrico, matr\u00edcula t\u00e9cnica vinculada con energ\u00eda y electricidad, y zonas donde el sistema convencional presenta limitaciones estacionales.<\/p>\n\n\n\n<h2 class=\"wp-block-heading\">Los resultados del plan de energ\u00eda solar 2025<\/h2>\n\n\n\n<p>La primera etapa del programa fue ejecutada entre junio y noviembre y dej\u00f3 resultados tangibles.<\/p>\n\n\n\n<p>Infraestructura instalada:<\/p>\n\n\n\n<ul>\n<li>700 paneles solares colocados.<\/li>\n\n\n\n<li>350 kW de potencia instalada.<\/li>\n\n\n\n<li>20&nbsp;<strong>escuelas<\/strong>&nbsp;de toda la provincia ya funcionan con energ\u00eda solar.<\/li>\n<\/ul>\n\n\n\n<p>Esto permitir\u00e1 generar desde 2026 -seg\u00fan explicaron desde Educaci\u00f3n- unos 450 MWh anuales, equivalente al consumo el\u00e9ctrico de 120 familias y un ahorro proyectado de $117.000.000 por a\u00f1o. Adem\u00e1s, se evitar\u00e1n 208 toneladas de CO, lo que equivale a sacar 45 autos de circulaci\u00f3n o plantar 10.000 algarrobos.<\/p>\n\n\n\n<p>Adem\u00e1s, destacaron los aprendizajes que pueden obtener los estudiantes ya que las escuelas ya trabajan con:<\/p>\n\n\n\n<ul>\n<li>Lecturas de generaci\u00f3n fotovoltaica en tiempo real.<\/li>\n\n\n\n<li>Pr\u00e1cticas de mantenimiento preventivo.<\/li>\n\n\n\n<li>C\u00e1lculo de producci\u00f3n anual y medici\u00f3n del ahorro energ\u00e9tico.<\/li>\n\n\n\n<li>Proyectos integrados de energ\u00edas renovables en espacios curriculares vinculados con electromec\u00e1nica, electricidad, ambiente y tecnolog\u00eda.<\/li>\n<\/ul>\n\n\n\n<h2 class=\"wp-block-heading\">\u00bfC\u00f3mo es la hoja de ruta para este 2026?<\/h2>\n\n\n\n<p>Para el pr\u00f3ximo a\u00f1o est\u00e1 prevista la segunda etapa del plan, que incluir\u00e1:<\/p>\n\n\n\n<ul>\n<li>Nuevas instalaciones fotovoltaicas en instituciones t\u00e9cnicas.<\/li>\n\n\n\n<li>Profundizaci\u00f3n del uso pedag\u00f3gico del sistema mediante Educa ConCiencia.<\/li>\n\n\n\n<li>Articulaci\u00f3n con el Plan de Alfabetizaci\u00f3n Digital y proyectos de formaci\u00f3n profesional.<\/li>\n\n\n\n<li>Remplazo progresivo de luminarias y mejoramiento de sistemas el\u00e9ctricos.<\/li>\n<\/ul>\n\n\n\n<p>El objetivo final es que cada\u00a0<strong>escuela t\u00e9cnica de Mendoza<\/strong>\u00a0cuente con infraestructura energ\u00e9tica moderna, sostenible y adecuada a los desaf\u00edos tecnol\u00f3gicos actuales, de acuerdo con lo que proyectaron desde la cartera que conduce Tadeo Garc\u00eda Zalazar.<\/p>\n\n\n\n<p><strong>Fuente: www.diariouno.com.ar<\/strong><\/p>\n","protected":false},"excerpt":{"rendered":"<p>El\u00a0Ministerio de Educaci\u00f3n\u00a0complet\u00f3 la primera etapa del plan de\u00a0energ\u00eda solar\u00a0en las\u00a0escuelas\u00a0que hab\u00eda proyectado. En esta fase inicial, 20\u00a0colegios\u00a0t\u00e9cnicos de 12 departamentos ya tienen\u00a0paneles solares\u00a0en pleno funcionamiento, convirti\u00e9ndose en espacios educativos que producen energ\u00eda limpia y al mismo tiempo capacitan a sus estudiantes. Su\u00a0implementaci\u00f3n comenz\u00f3 este a\u00f1o bajo la \u00f3rbita de la Subsecretar\u00eda de Infraestructura Escolar\u00a0y [&hellip;]<\/p>\n","protected":false},"author":2,"featured_media":15948,"comment_status":"open","ping_status":"open","sticky":false,"template":"","format":"standard","meta":[],"categories":[50],"tags":[],"_links":{"self":[{"href":"https:\/\/pasaenmendoza.com\/index.php?rest_route=\/wp\/v2\/posts\/15947"}],"collection":[{"href":"https:\/\/pasaenmendoza.com\/index.php?rest_route=\/wp\/v2\/posts"}],"about":[{"href":"https:\/\/pasaenmendoza.com\/index.php?rest_route=\/wp\/v2\/types\/post"}],"author":[{"embeddable":true,"href":"https:\/\/pasaenmendoza.com\/index.php?rest_route=\/wp\/v2\/users\/2"}],"replies":[{"embeddable":true,"href":"https:\/\/pasaenmendoza.com\/index.php?rest_route=%2Fwp%2Fv2%2Fcomments&post=15947"}],"version-history":[{"count":1,"href":"https:\/\/pasaenmendoza.com\/index.php?rest_route=\/wp\/v2\/posts\/15947\/revisions"}],"predecessor-version":[{"id":15949,"href":"https:\/\/pasaenmendoza.com\/index.php?rest_route=\/wp\/v2\/posts\/15947\/revisions\/15949"}],"wp:featuredmedia":[{"embeddable":true,"href":"https:\/\/pasaenmendoza.com\/index.php?rest_route=\/wp\/v2\/media\/15948"}],"wp:attachment":[{"href":"https:\/\/pasaenmendoza.com\/index.php?rest_route=%2Fwp%2Fv2%2Fmedia&parent=15947"}],"wp:term":[{"taxonomy":"category","embeddable":true,"href":"https:\/\/pasaenmendoza.com\/index.php?rest_route=%2Fwp%2Fv2%2Fcategories&post=15947"},{"taxonomy":"post_tag","embeddable":true,"href":"https:\/\/pasaenmendoza.com\/index.php?rest_route=%2Fwp%2Fv2%2Ftags&post=15947"}],"curies":[{"name":"wp","href":"https:\/\/api.w.org\/{rel}","templated":true}]}}