{"id":15959,"date":"2025-12-02T20:39:53","date_gmt":"2025-12-02T19:39:53","guid":{"rendered":"https:\/\/pasaenmendoza.com\/?p=15959"},"modified":"2025-12-02T20:39:59","modified_gmt":"2025-12-02T19:39:59","slug":"la-ciudad-vivio-una-noche-inolvidable-con-2000-personas-en-la-cuarta-edicion-de-la-maraton-nocturna","status":"publish","type":"post","link":"https:\/\/pasaenmendoza.com\/?p=15959","title":{"rendered":"La Ciudad vivi\u00f3 una noche inolvidable con 2000 personas en la cuarta edici\u00f3n de la Marat\u00f3n Nocturna"},"content":{"rendered":"\n<p>La\u00a0<strong>Ciudad de Mendoza<\/strong>\u00a0volvi\u00f3 a convertirse en el epicentro del running mendocino con la realizaci\u00f3n de la\u00a0<strong>cuarta edici\u00f3n de la Marat\u00f3n Nocturna 2025<\/strong>, un evento que ya forma parte del calendario deportivo m\u00e1s esperado por atletas y familias de toda la provincia. Este s\u00e1bado 29, unos\u00a0<strong>2000 corredores iluminaron las calles de la capital<\/strong>\u00a0en una jornada que combin\u00f3 deporte, esfuerzo, aliento y el incomparable paisaje urbano del departamento. En este nuevo encuentro,\u00a0<strong>Mar\u00eda Bel\u00e9n Alegre e Ignacio Erario resultaron los ganadores de los 10K<\/strong>, mientras que los segundos y terceros puestos fueron para Ail\u00edn Funes y Elisa Abarca (damas) e Ignacio S\u00e1nchez y Juan Mart\u00edn Fern\u00e1ndez (varones).<\/p>\n\n\n\n<p>Con largada puntual a las 21.30 desde la explanada de la Casa de Gobierno, la competencia&nbsp;<strong>volvi\u00f3 a colmar su cupo de inscriptos<\/strong>, mostrando el crecimiento sostenido y el inter\u00e9s que esta propuesta genera a\u00f1o tras a\u00f1o, tanto en Mendoza como en el pa\u00eds y el mundo, con la presencia de&nbsp;<strong>corredores de nueve provincias de Argentina y otros ocho pa\u00edses<\/strong>.<\/p>\n\n\n\n<p>La carrera ofreci\u00f3 dos modalidades: el&nbsp;<strong>circuito competitivo de 10K<\/strong>&nbsp;y la&nbsp;<strong>versi\u00f3n familiar de 2K<\/strong>. As\u00ed, grandes atletas pusieron a prueba su destreza y personas de todas las edades, como ni\u00f1os, padres e incluso&nbsp;<strong>veteranos de Malvinas&nbsp;<\/strong>pudieron sumarse y decir presente en esta fiesta deportiva, que, contra todo pron\u00f3stico por mal tiempo, fue&nbsp;<strong>un \u00e9xito total en una noche ideal para recorrer las calles capitalinas<\/strong>. Tanto as\u00ed que, en la l\u00ednea de meta, hasta&nbsp;<strong>una declaraci\u00f3n de amor entre dos corredores se rob\u00f3 todas las miradas&nbsp;<\/strong>del p\u00fablico asistente.<\/p>\n\n\n\n<p>La propuesta deportiva, con una\u00a0<strong>organizaci\u00f3n integral<\/strong>, cont\u00f3 con servicios de\u00a0<strong>salud y emergencia<\/strong>s, de forma tal de brindar absoluta protecci\u00f3n a sus protagonistas, como as\u00ed tambi\u00e9n con un amplio despliegue de\u00a0<strong>seguridad<\/strong>\u00a0a cargo de preventores del municipio y de\u00a0<strong>limpieza<\/strong>.<\/p>\n\n\n\n<p>El&nbsp;<strong>intendente Ulpiano Suarez<\/strong>&nbsp;vivi\u00f3 desde adentro el evento, compartiendo junto a los miles de atletas esta gratificante experiencia. \u201cEsta marat\u00f3n es mucho m\u00e1s que una carrera,&nbsp;<strong>es una celebraci\u00f3n del deporte, de la vida activa y del encuentro en nuestra Ciudad<\/strong>. Nos enorgullece ver c\u00f3mo miles de mendocinos y visitantes hacen propia esta propuesta que crece cada a\u00f1o. Desde la municipalidad<strong>&nbsp;seguimos apostando a actividades que fomenten h\u00e1bitos saludables y que posicionen a la capital como una ciudad vibrante, innovadora y deportiva<\/strong>\u201d, expres\u00f3.<\/p>\n\n\n\n<p>Y agreg\u00f3: \u201cVivimos una verdadera&nbsp;<strong>Fiesta del Running en la Marat\u00f3n Nocturna de la Ciudad de Mendoza<\/strong>, consolid\u00e1ndonos como&nbsp;<strong>Ciudad del Deporte<\/strong>&nbsp;y epicentro de grandes eventos. Seguimos haciendo juntos una ciudad en la que&nbsp;<strong>con el deporte generamos bienestar, activamos la econom\u00eda y potenciamos el desarrollo de nuestros espacios p\u00fablicos<\/strong>\u201c.<\/p>\n\n\n\n<h2 class=\"wp-block-heading\"><strong>El circuito de la<\/strong>&nbsp;<strong>Marat\u00f3n Nocturna<\/strong><\/h2>\n\n\n\n<p>El recorrido principal atraves\u00f3 algunos de los&nbsp;<strong>puntos m\u00e1s emblem\u00e1ticos de la Ciudad<\/strong>: las calles La Pampa, Mitre, la plaza Independencia y Emilio Civit, fueron escenario de esta competencia hasta llegar a los Portones del Parque General San Mart\u00edn. Luego el circuito continu\u00f3 por los Caballitos de Marly, la Fuente de los Continentes, el Rosedal y el Lago, antes de emprender el regreso hacia la l\u00ednea de meta frente a Casa de Gobierno.<\/p>\n\n\n\n<h2 class=\"wp-block-heading\"><strong>Los grandes ganadores<\/strong><\/h2>\n\n\n\n<p>En la gran noche, numerosos atletas se lucieron con sus performances. As\u00ed, se destacaron dos nombres en los primeros puestos de los 10K, tanto en damas como en varones. Se trat\u00f3 de&nbsp;<strong>Mar\u00eda Bel\u00e9n Alegre<\/strong>&nbsp;y de&nbsp;<strong>Ignacio Erario<\/strong>, deportistas que habitualmente dejan su impronta en las competencias deportivas.<\/p>\n\n\n\n<h2 class=\"wp-block-heading\"><strong>Clasificaci\u00f3n General:<\/strong><\/h2>\n\n\n\n<p><strong>10K<\/strong><\/p>\n\n\n\n<p><strong>Damas<\/strong><\/p>\n\n\n\n<p>1\u00b0 Mar\u00eda Bel\u00e9n Alegre<\/p>\n\n\n\n<p>2\u00b0 Ail\u00edn Funes<\/p>\n\n\n\n<p>3\u00b0 Elisa Abarca<\/p>\n\n\n\n<p><strong>Varones<\/strong><\/p>\n\n\n\n<p>1\u00b0 Ignacio Erario<\/p>\n\n\n\n<p>2\u00b0 Ignacio S\u00e1nchez<\/p>\n\n\n\n<p>3\u00b0 Juan Mart\u00edn Fern\u00e1ndez<\/p>\n\n\n\n<p>Los premios en efectivo para la categor\u00eda general de 10K ($400.000 para el primer lugar, $300.000 para el segundo y $200.000 para el tercero), aportaron competitividad a la carrera, que convoc\u00f3 a corredores de todas partes de la provincia, el pa\u00eds y del extranjero.<\/p>\n\n\n\n<h2 class=\"wp-block-heading\"><strong>Participaci\u00f3n Nacional e Internacional en la Marat\u00f3n Nocturna<\/strong><\/h2>\n\n\n\n<p>La propuesta cont\u00f3 con&nbsp;<strong>convocatoria nacional e internacional<\/strong>, atrayendo a corredores de fuera de la provincia. Se trat\u00f3 de una&nbsp;<strong>significativa presencia de atletas de otras 8 provincias argentinas<\/strong>, sumando participantes de lugares como&nbsp;<strong>Buenos Aires, San Juan y Salta<\/strong>. Adem\u00e1s, la carrera tuvo un alcance global, con&nbsp;<strong>deportistas provenientes de pa\u00edses como Chile, Brasil, Rusia, Suiza, Alemania, Espa\u00f1a, Francia y Estados Unidos<\/strong>, demostrando el atractivo del evento en el calendario deportivo regional.<\/p>\n\n\n\n<h2 class=\"wp-block-heading\"><strong>El aliento del p\u00fablico en la noche de marat\u00f3n<\/strong><\/h2>\n\n\n\n<p>Uno de los momentos destacados de la noche fue el<strong>&nbsp;multitudinario punto de aliento con DJ ubicado en los Portones del Parque<\/strong>. All\u00ed, cientos de personas se congregaron para apoyar el paso de los atletas, generando un&nbsp;<strong>ambiente vibrante y festivo&nbsp;<\/strong>que se convirti\u00f3 en un atractivo central, incluso para quienes no participaron de la competencia. Asimismo, la propuesta permiti\u00f3 a los corredores&nbsp;<strong>disfrutar de una experiencia \u00fanica<\/strong>, rodeados de&nbsp;<strong>un p\u00fablico que acompa\u00f1\u00f3 en gran n\u00famero y con entusiasmo desde el punto de partida y durante todo el trayecto<\/strong>.<\/p>\n\n\n\n<h2 class=\"wp-block-heading\"><strong>Una celebraci\u00f3n del deporte en la Ciudad<\/strong><\/h2>\n\n\n\n<p>La\u00a0<strong>Marat\u00f3n Nocturna\u00a0<\/strong>volvi\u00f3 a demostrar por qu\u00e9 es una de las actividades deportivas m\u00e1s convocantes de la capital. Con una minuciosa organizaci\u00f3n, un circuito atractivo y una puesta en escena que realz\u00f3 la belleza del departamento,\u00a0<strong>la Ciudad de Mendoza brill\u00f3 en cada paso<\/strong>.<\/p>\n\n\n\n<p><strong>Fuente: www.losandes.com.ar<\/strong><\/p>\n","protected":false},"excerpt":{"rendered":"<p>La\u00a0Ciudad de Mendoza\u00a0volvi\u00f3 a convertirse en el epicentro del running mendocino con la realizaci\u00f3n de la\u00a0cuarta edici\u00f3n de la Marat\u00f3n Nocturna 2025, un evento que ya forma parte del calendario deportivo m\u00e1s esperado por atletas y familias de toda la provincia. Este s\u00e1bado 29, unos\u00a02000 corredores iluminaron las calles de la capital\u00a0en una jornada que [&hellip;]<\/p>\n","protected":false},"author":2,"featured_media":15960,"comment_status":"open","ping_status":"open","sticky":false,"template":"","format":"standard","meta":[],"categories":[50],"tags":[],"_links":{"self":[{"href":"https:\/\/pasaenmendoza.com\/index.php?rest_route=\/wp\/v2\/posts\/15959"}],"collection":[{"href":"https:\/\/pasaenmendoza.com\/index.php?rest_route=\/wp\/v2\/posts"}],"about":[{"href":"https:\/\/pasaenmendoza.com\/index.php?rest_route=\/wp\/v2\/types\/post"}],"author":[{"embeddable":true,"href":"https:\/\/pasaenmendoza.com\/index.php?rest_route=\/wp\/v2\/users\/2"}],"replies":[{"embeddable":true,"href":"https:\/\/pasaenmendoza.com\/index.php?rest_route=%2Fwp%2Fv2%2Fcomments&post=15959"}],"version-history":[{"count":1,"href":"https:\/\/pasaenmendoza.com\/index.php?rest_route=\/wp\/v2\/posts\/15959\/revisions"}],"predecessor-version":[{"id":15961,"href":"https:\/\/pasaenmendoza.com\/index.php?rest_route=\/wp\/v2\/posts\/15959\/revisions\/15961"}],"wp:featuredmedia":[{"embeddable":true,"href":"https:\/\/pasaenmendoza.com\/index.php?rest_route=\/wp\/v2\/media\/15960"}],"wp:attachment":[{"href":"https:\/\/pasaenmendoza.com\/index.php?rest_route=%2Fwp%2Fv2%2Fmedia&parent=15959"}],"wp:term":[{"taxonomy":"category","embeddable":true,"href":"https:\/\/pasaenmendoza.com\/index.php?rest_route=%2Fwp%2Fv2%2Fcategories&post=15959"},{"taxonomy":"post_tag","embeddable":true,"href":"https:\/\/pasaenmendoza.com\/index.php?rest_route=%2Fwp%2Fv2%2Ftags&post=15959"}],"curies":[{"name":"wp","href":"https:\/\/api.w.org\/{rel}","templated":true}]}}