{"id":1596,"date":"2023-09-20T15:37:51","date_gmt":"2023-09-20T13:37:51","guid":{"rendered":"https:\/\/pasaenmendoza.com\/?p=1596"},"modified":"2023-09-20T15:37:52","modified_gmt":"2023-09-20T13:37:52","slug":"sube-la-temperatura-este-miercoles-en-mendoza","status":"publish","type":"post","link":"https:\/\/pasaenmendoza.com\/?p=1596","title":{"rendered":"Sube la temperatura este mi\u00e9rcoles en Mendoza"},"content":{"rendered":"\n<p>Para este\u00a0<strong>mi\u00e9rcoles 20 de septiembre<\/strong>\u00a0anunciaron una jornada con nubosidad variable y ascenso de la temperatura en la provincia de Mendoza. La m\u00e1xima llegar\u00e1 a 23\u00b0C, mientras que la m\u00ednima fue de 7\u00b0C.<\/p>\n\n\n\n<p>Adem\u00e1s anticiparon la presencia de vientos leves del noreste, informan desde\u00a0<strong>Contingencias Clim\u00e1ticas.\u00a0<\/strong><\/p>\n\n\n\n<p>Seg\u00fan el\u00a0<strong>pron\u00f3stico extendido<\/strong>, para los pr\u00f3ximos d\u00edas se esperan jornadas agradables en Mendoza. Las temperaturas m\u00e1ximas alcanzar\u00e1n los 26\u00b0C, aunque para el domingo anunciaron descenso de la temperatura.\u00a0<\/p>\n\n\n\n<p>Pron\u00f3stico extendido<\/p>\n\n\n\n<p>Para el\u00a0<strong>jueves 21 de septiembre<\/strong>\u00a0se espera nubosidad variable con ascenso de la temperatura, vientos moderados del sudeste. Zonda en precordillera (Potrerillos, Uspallata, Manzano, Malargue). Inestable en cordillera. M\u00e1xima de 27\u00baC, m\u00ednima de 9\u00baC.<\/p>\n\n\n\n<p>El\u00a0<strong>viernes 22 de septiembre\u00a0<\/strong>estar\u00e1 parcialmente nublado con poco cambio de la temperatura, vientos moderados del sudeste. Tiempo inestable. Nevadas en cordillera. M\u00e1xima de 26\u00baC, m\u00ednima de 10\u00baC.\u00a0<\/p>\n\n\n\n<p>Para el\u00a0<strong>s\u00e1bado 23 de septiembre\u00a0<\/strong>anunciaron un cielo parcialmente nublado con descenso de la temperatura, vientos moderados del sector sur. Tiempo inestable. Nevadas en cordillera M\u00e1xima de 26\u00baC, m\u00ednima de 12\u00baC.<\/p>\n\n\n\n<p>Por su parte, el\u00a0<strong>domingo 24 de septiembre\u00a0<\/strong>estar\u00e1 parcialmente nublado con descenso de la temperatura, vientos moderados del sudeste. M\u00e1xima de 18\u00baC, m\u00ednima de 15\u00baC.<\/p>\n\n\n\n<p><strong>Fuente: wwww.mendozapost.com<\/strong><\/p>\n","protected":false},"excerpt":{"rendered":"<p>Para este\u00a0mi\u00e9rcoles 20 de septiembre\u00a0anunciaron una jornada con nubosidad variable y ascenso de la temperatura en la provincia de Mendoza. La m\u00e1xima llegar\u00e1 a 23\u00b0C, mientras que la m\u00ednima fue de 7\u00b0C. Adem\u00e1s anticiparon la presencia de vientos leves del noreste, informan desde\u00a0Contingencias Clim\u00e1ticas.\u00a0 Seg\u00fan el\u00a0pron\u00f3stico extendido, para los pr\u00f3ximos d\u00edas se esperan jornadas agradables [&hellip;]<\/p>\n","protected":false},"author":2,"featured_media":1597,"comment_status":"open","ping_status":"open","sticky":false,"template":"","format":"standard","meta":[],"categories":[52],"tags":[],"_links":{"self":[{"href":"https:\/\/pasaenmendoza.com\/index.php?rest_route=\/wp\/v2\/posts\/1596"}],"collection":[{"href":"https:\/\/pasaenmendoza.com\/index.php?rest_route=\/wp\/v2\/posts"}],"about":[{"href":"https:\/\/pasaenmendoza.com\/index.php?rest_route=\/wp\/v2\/types\/post"}],"author":[{"embeddable":true,"href":"https:\/\/pasaenmendoza.com\/index.php?rest_route=\/wp\/v2\/users\/2"}],"replies":[{"embeddable":true,"href":"https:\/\/pasaenmendoza.com\/index.php?rest_route=%2Fwp%2Fv2%2Fcomments&post=1596"}],"version-history":[{"count":1,"href":"https:\/\/pasaenmendoza.com\/index.php?rest_route=\/wp\/v2\/posts\/1596\/revisions"}],"predecessor-version":[{"id":1598,"href":"https:\/\/pasaenmendoza.com\/index.php?rest_route=\/wp\/v2\/posts\/1596\/revisions\/1598"}],"wp:featuredmedia":[{"embeddable":true,"href":"https:\/\/pasaenmendoza.com\/index.php?rest_route=\/wp\/v2\/media\/1597"}],"wp:attachment":[{"href":"https:\/\/pasaenmendoza.com\/index.php?rest_route=%2Fwp%2Fv2%2Fmedia&parent=1596"}],"wp:term":[{"taxonomy":"category","embeddable":true,"href":"https:\/\/pasaenmendoza.com\/index.php?rest_route=%2Fwp%2Fv2%2Fcategories&post=1596"},{"taxonomy":"post_tag","embeddable":true,"href":"https:\/\/pasaenmendoza.com\/index.php?rest_route=%2Fwp%2Fv2%2Ftags&post=1596"}],"curies":[{"name":"wp","href":"https:\/\/api.w.org\/{rel}","templated":true}]}}