{"id":15962,"date":"2025-12-03T12:47:30","date_gmt":"2025-12-03T11:47:30","guid":{"rendered":"https:\/\/pasaenmendoza.com\/?p=15962"},"modified":"2025-12-03T12:47:31","modified_gmt":"2025-12-03T11:47:31","slug":"el-tiempo-en-mendoza-para-este-miercoles-alerta-por-temperaturas-extremas-y-tormentas-severas","status":"publish","type":"post","link":"https:\/\/pasaenmendoza.com\/?p=15962","title":{"rendered":"El tiempo en Mendoza para este mi\u00e9rcoles: alerta por temperaturas extremas y tormentas severas"},"content":{"rendered":"\n<p>L<strong>a temperatura m\u00e1xima para este mi\u00e9rcoles alcanzar\u00e1 los 37 grados cent\u00edgrados, mientras que la m\u00ednima ascender\u00e1 a los 21 grados cent\u00edgrados.<\/strong><\/p>\n\n\n\n<p>Estar\u00e1 \u201c<em><strong>caluroso\u00a0<\/strong>y algo nublado, vientos moderados del noreste.\u00a0<strong>Precipitaciones aisladas hacia la noche<\/strong><\/em>\u201c.<\/p>\n\n\n\n<p>Hasta el viernes al menos, las temperaturas superar\u00e1n los 36 grados cent\u00edgrados y llegar\u00e1n incluso a los 38 grados. Las m\u00ednimas ya estar\u00e1n sobre los 20 grados.<\/p>\n\n\n\n<p>El Servicio Meteorol\u00f3gico Nacional<strong>\u00a0lanz\u00f3 una advertencia en nivel amarillo para determinadas zonas de Mendoza por temperaturas extremas.<\/strong><\/p>\n\n\n\n<p>Incluye al&nbsp;<strong>Este de Las Heras, Lavalle, San Mart\u00edn, Santa Rosa, La Paz, General Alvear y zona baja de San Rafael.<\/strong><\/p>\n\n\n\n<p>En el nivel amarillo, estas temperaturas pueden tener efectos desde leves a moderados en la salud.<\/p>\n\n\n\n<p>Pueden ser&nbsp;<strong>peligrosas<\/strong>, sobre todo para los grupos de riesgo, como&nbsp;<strong>ni\u00f1os y ni\u00f1as, personas mayores de 65 a\u00f1os, con enfermedades cr\u00f3nicas.<\/strong><\/p>\n\n\n\n<h2 class=\"wp-block-heading\" id=\"h-alerta-por-tormentas\">Alerta por tormentas<\/h2>\n\n\n\n<p>El Servicio Meteorol\u00f3gico Nacional dispuso un alerta en nivel amarillo para:<\/p>\n\n\n\n<p><strong>Jun\u00edn \u2013 Rivadavia \u2013 Valles de Luj\u00e1n de Cuyo \u2013 Valles de San Carlos \u2013 Valles de Tunuy\u00e1n \u2013 Valles de Tupungato, en la tarde y noche.<\/strong><\/p>\n\n\n\n<p><strong>Cordillera de Las Heras \u2013 Cordillera de Luj\u00e1n de Cuyo \u2013 Cordillera de Tupungato<\/strong>\u00a0(tarde\/noche).<\/p>\n\n\n\n<p>El \u00e1rea ser\u00e1 afectada por\u00a0<strong>tormentas aisladas<\/strong>\u00a0de variada intensidad, algunas\u00a0<strong>localmente fuertes o severas<\/strong>. Las mismas podr\u00e1n estar acompa\u00f1adas por ca\u00edda de\u00a0<strong>granizo<\/strong>, frecuente actividad el\u00e9ctrica,\u00a0<strong>r\u00e1fagas de hasta 90 kil\u00f3metros por hora<\/strong>\u00a0y abundante ca\u00edda de agua en per\u00edodos cortos. Se prev\u00e9n valores de precipitaci\u00f3n acumulada entre 30 y 50 mil\u00edmetros, que pueden ser superados en forma puntual.\u00a0<strong>En las zonas de alta cordillera las precipitaciones pueden ser mayormente en forma de granizo y\/o nieve.<\/strong><\/p>\n\n\n\n<p><strong>Fuente: www.elsol.com.ar<\/strong><\/p>\n","protected":false},"excerpt":{"rendered":"<p>La temperatura m\u00e1xima para este mi\u00e9rcoles alcanzar\u00e1 los 37 grados cent\u00edgrados, mientras que la m\u00ednima ascender\u00e1 a los 21 grados cent\u00edgrados. Estar\u00e1 \u201ccaluroso\u00a0y algo nublado, vientos moderados del noreste.\u00a0Precipitaciones aisladas hacia la noche\u201c. Hasta el viernes al menos, las temperaturas superar\u00e1n los 36 grados cent\u00edgrados y llegar\u00e1n incluso a los 38 grados. Las m\u00ednimas ya [&hellip;]<\/p>\n","protected":false},"author":2,"featured_media":15963,"comment_status":"open","ping_status":"open","sticky":false,"template":"","format":"standard","meta":[],"categories":[52],"tags":[],"_links":{"self":[{"href":"https:\/\/pasaenmendoza.com\/index.php?rest_route=\/wp\/v2\/posts\/15962"}],"collection":[{"href":"https:\/\/pasaenmendoza.com\/index.php?rest_route=\/wp\/v2\/posts"}],"about":[{"href":"https:\/\/pasaenmendoza.com\/index.php?rest_route=\/wp\/v2\/types\/post"}],"author":[{"embeddable":true,"href":"https:\/\/pasaenmendoza.com\/index.php?rest_route=\/wp\/v2\/users\/2"}],"replies":[{"embeddable":true,"href":"https:\/\/pasaenmendoza.com\/index.php?rest_route=%2Fwp%2Fv2%2Fcomments&post=15962"}],"version-history":[{"count":1,"href":"https:\/\/pasaenmendoza.com\/index.php?rest_route=\/wp\/v2\/posts\/15962\/revisions"}],"predecessor-version":[{"id":15964,"href":"https:\/\/pasaenmendoza.com\/index.php?rest_route=\/wp\/v2\/posts\/15962\/revisions\/15964"}],"wp:featuredmedia":[{"embeddable":true,"href":"https:\/\/pasaenmendoza.com\/index.php?rest_route=\/wp\/v2\/media\/15963"}],"wp:attachment":[{"href":"https:\/\/pasaenmendoza.com\/index.php?rest_route=%2Fwp%2Fv2%2Fmedia&parent=15962"}],"wp:term":[{"taxonomy":"category","embeddable":true,"href":"https:\/\/pasaenmendoza.com\/index.php?rest_route=%2Fwp%2Fv2%2Fcategories&post=15962"},{"taxonomy":"post_tag","embeddable":true,"href":"https:\/\/pasaenmendoza.com\/index.php?rest_route=%2Fwp%2Fv2%2Ftags&post=15962"}],"curies":[{"name":"wp","href":"https:\/\/api.w.org\/{rel}","templated":true}]}}