{"id":15965,"date":"2025-12-03T12:58:46","date_gmt":"2025-12-03T11:58:46","guid":{"rendered":"https:\/\/pasaenmendoza.com\/?p=15965"},"modified":"2025-12-03T12:58:47","modified_gmt":"2025-12-03T11:58:47","slug":"murio-la-motociclista-que-choco-contra-un-colectivo-en-guaymallen","status":"publish","type":"post","link":"https:\/\/pasaenmendoza.com\/?p=15965","title":{"rendered":"Muri\u00f3 la motociclista que choc\u00f3 contra un colectivo en Guaymall\u00e9n"},"content":{"rendered":"\n<p>La mujer de 31 a\u00f1os que choc\u00f3 este martes en la ma\u00f1ana contra un colectivo, falleci\u00f3 este mi\u00e9rcoles por la ma\u00f1ana en el Hospital Central debido a la gravedad de sus lesiones.<\/p>\n\n\n\n<p>El accidente ocurri\u00f3 en el cruce de las calles Arroyo y Serra de Guaymall\u00e9n, cuando Micaela Vanesa Arias Saiff, de 31 a\u00f1os, colision\u00f3 contra la unidad de pasajeros.<\/p>\n\n\n\n<p>En su momento, personal del Servicio de Emergencias Coordinado le diagnostic\u00f3 la fractura expuesta de su pierna derecha y politraumatismos.<\/p>\n\n\n\n<p>Fue trasladada al Hospital Central. A las 7, autoridades m\u00e9dicas confirmaron el fallecimiento de la mujer.<\/p>\n\n\n\n<p>El dosaje alcoh\u00f3lico dio negativo en el chofer.<\/p>\n\n\n\n<p><strong>Fuente: www.elsol.com.ar<\/strong><\/p>\n","protected":false},"excerpt":{"rendered":"<p>La mujer de 31 a\u00f1os que choc\u00f3 este martes en la ma\u00f1ana contra un colectivo, falleci\u00f3 este mi\u00e9rcoles por la ma\u00f1ana en el Hospital Central debido a la gravedad de sus lesiones. El accidente ocurri\u00f3 en el cruce de las calles Arroyo y Serra de Guaymall\u00e9n, cuando Micaela Vanesa Arias Saiff, de 31 a\u00f1os, colision\u00f3 [&hellip;]<\/p>\n","protected":false},"author":2,"featured_media":15966,"comment_status":"open","ping_status":"open","sticky":false,"template":"","format":"standard","meta":[],"categories":[48],"tags":[],"_links":{"self":[{"href":"https:\/\/pasaenmendoza.com\/index.php?rest_route=\/wp\/v2\/posts\/15965"}],"collection":[{"href":"https:\/\/pasaenmendoza.com\/index.php?rest_route=\/wp\/v2\/posts"}],"about":[{"href":"https:\/\/pasaenmendoza.com\/index.php?rest_route=\/wp\/v2\/types\/post"}],"author":[{"embeddable":true,"href":"https:\/\/pasaenmendoza.com\/index.php?rest_route=\/wp\/v2\/users\/2"}],"replies":[{"embeddable":true,"href":"https:\/\/pasaenmendoza.com\/index.php?rest_route=%2Fwp%2Fv2%2Fcomments&post=15965"}],"version-history":[{"count":1,"href":"https:\/\/pasaenmendoza.com\/index.php?rest_route=\/wp\/v2\/posts\/15965\/revisions"}],"predecessor-version":[{"id":15967,"href":"https:\/\/pasaenmendoza.com\/index.php?rest_route=\/wp\/v2\/posts\/15965\/revisions\/15967"}],"wp:featuredmedia":[{"embeddable":true,"href":"https:\/\/pasaenmendoza.com\/index.php?rest_route=\/wp\/v2\/media\/15966"}],"wp:attachment":[{"href":"https:\/\/pasaenmendoza.com\/index.php?rest_route=%2Fwp%2Fv2%2Fmedia&parent=15965"}],"wp:term":[{"taxonomy":"category","embeddable":true,"href":"https:\/\/pasaenmendoza.com\/index.php?rest_route=%2Fwp%2Fv2%2Fcategories&post=15965"},{"taxonomy":"post_tag","embeddable":true,"href":"https:\/\/pasaenmendoza.com\/index.php?rest_route=%2Fwp%2Fv2%2Ftags&post=15965"}],"curies":[{"name":"wp","href":"https:\/\/api.w.org\/{rel}","templated":true}]}}