{"id":15968,"date":"2025-12-03T13:04:42","date_gmt":"2025-12-03T12:04:42","guid":{"rendered":"https:\/\/pasaenmendoza.com\/?p=15968"},"modified":"2025-12-03T13:04:43","modified_gmt":"2025-12-03T12:04:43","slug":"un-chico-de-19-anos-fue-baleado-en-ciudad","status":"publish","type":"post","link":"https:\/\/pasaenmendoza.com\/?p=15968","title":{"rendered":"Un chico de 19 a\u00f1os fue baleado en Ciudad"},"content":{"rendered":"\n<p>En la\u00a0<strong>madrugada de este mi\u00e9rcoles<\/strong>, un<strong>\u00a0joven de 19 a\u00f1os<\/strong>\u00a0result\u00f3 gravemente herido tras recibir<strong>\u00a0disparos en la cabeza<\/strong>. Un llamado al 911 alert\u00f3 sobre m\u00faltiples detonaciones en la intersecci\u00f3n de las calles\u00a0<strong>Aliar e Independencia<\/strong>, en\u00a0<strong>Ciudad\u00a0de Mendoza<\/strong>.<\/p>\n\n\n\n<p>Al llegar al lugar, personal policial encontr\u00f3 al joven tirado en la v\u00eda p\u00fablica. Seg\u00fan los informes, la v\u00edctima circulaba en motocicleta cuando, sin previo aviso, sujetos no identificados abrieron fuego desde la calle Aliar, causando su ca\u00edda y las graves heridas.<\/p>\n\n\n\n<p>Familiares de la v\u00edctima actuaron r\u00e1pidamente y trasladaron al joven al Hospital Lagomaggiore en un veh\u00edculo particular. En el hospital, los m\u00e9dicos confirmaron que el joven presentaba una herida de arma de fuego en la cabeza, con orificio de entrada y salida.\u00a0<\/p>\n\n\n\n<p>Dada la gravedad de la lesi\u00f3n, fue necesario su traslado al Hospital Central para recibir atenci\u00f3n m\u00e9dica especializada.<\/p>\n\n\n\n<p>En la escena, intervino personal de la\u00a0<strong>Unidad de Investigaciones Delictivas (UID)<\/strong>\u00a0y de la\u00a0<strong>Oficina Fiscal de la jurisdicci\u00f3n<\/strong>\u00a0para esclarecer los detalles del incidente y dar con los responsables.\u00a0<\/p>\n\n\n\n<p><strong>Fuente: www.mendozapost.com<\/strong><\/p>\n","protected":false},"excerpt":{"rendered":"<p>En la\u00a0madrugada de este mi\u00e9rcoles, un\u00a0joven de 19 a\u00f1os\u00a0result\u00f3 gravemente herido tras recibir\u00a0disparos en la cabeza. Un llamado al 911 alert\u00f3 sobre m\u00faltiples detonaciones en la intersecci\u00f3n de las calles\u00a0Aliar e Independencia, en\u00a0Ciudad\u00a0de Mendoza. Al llegar al lugar, personal policial encontr\u00f3 al joven tirado en la v\u00eda p\u00fablica. Seg\u00fan los informes, la v\u00edctima circulaba en [&hellip;]<\/p>\n","protected":false},"author":2,"featured_media":15969,"comment_status":"open","ping_status":"open","sticky":false,"template":"","format":"standard","meta":[],"categories":[48],"tags":[],"_links":{"self":[{"href":"https:\/\/pasaenmendoza.com\/index.php?rest_route=\/wp\/v2\/posts\/15968"}],"collection":[{"href":"https:\/\/pasaenmendoza.com\/index.php?rest_route=\/wp\/v2\/posts"}],"about":[{"href":"https:\/\/pasaenmendoza.com\/index.php?rest_route=\/wp\/v2\/types\/post"}],"author":[{"embeddable":true,"href":"https:\/\/pasaenmendoza.com\/index.php?rest_route=\/wp\/v2\/users\/2"}],"replies":[{"embeddable":true,"href":"https:\/\/pasaenmendoza.com\/index.php?rest_route=%2Fwp%2Fv2%2Fcomments&post=15968"}],"version-history":[{"count":1,"href":"https:\/\/pasaenmendoza.com\/index.php?rest_route=\/wp\/v2\/posts\/15968\/revisions"}],"predecessor-version":[{"id":15970,"href":"https:\/\/pasaenmendoza.com\/index.php?rest_route=\/wp\/v2\/posts\/15968\/revisions\/15970"}],"wp:featuredmedia":[{"embeddable":true,"href":"https:\/\/pasaenmendoza.com\/index.php?rest_route=\/wp\/v2\/media\/15969"}],"wp:attachment":[{"href":"https:\/\/pasaenmendoza.com\/index.php?rest_route=%2Fwp%2Fv2%2Fmedia&parent=15968"}],"wp:term":[{"taxonomy":"category","embeddable":true,"href":"https:\/\/pasaenmendoza.com\/index.php?rest_route=%2Fwp%2Fv2%2Fcategories&post=15968"},{"taxonomy":"post_tag","embeddable":true,"href":"https:\/\/pasaenmendoza.com\/index.php?rest_route=%2Fwp%2Fv2%2Ftags&post=15968"}],"curies":[{"name":"wp","href":"https:\/\/api.w.org\/{rel}","templated":true}]}}