{"id":15971,"date":"2025-12-03T13:07:18","date_gmt":"2025-12-03T12:07:18","guid":{"rendered":"https:\/\/pasaenmendoza.com\/?p=15971"},"modified":"2025-12-03T13:07:19","modified_gmt":"2025-12-03T12:07:19","slug":"asi-funcionara-el-mendotran-tras-el-fin-de-las-clases","status":"publish","type":"post","link":"https:\/\/pasaenmendoza.com\/?p=15971","title":{"rendered":"As\u00ed funcionar\u00e1 el MendoTran tras el fin de las clases"},"content":{"rendered":"\n<p>Con el fin del ciclo lectivo cada diciembre, la rutina de miles de familias mendocinas se transforma, y con ella tambi\u00e9n lo hace el funcionamiento del transporte p\u00fablico.&nbsp;<\/p>\n\n\n\n<p>Este a\u00f1o, las clases finalizar\u00e1n el\u00a0<strong>19 de diciembre<\/strong>, seg\u00fan lo establece el\u00a0<strong>Calendario Escolar 2025 de la Direcci\u00f3n General de Escuelas<\/strong>, y esa fecha marca tambi\u00e9n el inicio del proceso de transici\u00f3n hacia el esquema de verano.<\/p>\n\n\n\n<p>De acuerdo con lo informado por la\u00a0<strong>Subsecretar\u00eda de Transporte de la Provincia<\/strong>, desde el\u00a0<strong>1 de enero<\/strong>\u00a0todo el sistema -colectivos urbanos, Metrotranv\u00eda y servicios de media y larga distancia- empezar\u00e1 a funcionar con las\u00a0<strong>frecuencias de verano<\/strong>, como ocurre cada a\u00f1o al t\u00e9rmino del ciclo lectivo. Este ajuste implica una reducci\u00f3n estimada del\u00a0<strong>20% en las frecuencias<\/strong>, una medida planificada que responde a la menor demanda propia de la temporada.<\/p>\n\n\n\n<p>Durante este per\u00edodo, los usuarios podr\u00e1n consultar los horarios actualizados a trav\u00e9s de los canales informativos de cada empresa de transporte. Para quienes utilizan los servicios urbanos, la herramienta clave ser\u00e1 la aplicaci\u00f3n\u00a0<strong>Mendotran\u00a0&#8220;Cu\u00e1ndo Subo&#8221;<\/strong>, que permite conocer en tiempo real los arribos, recorridos y esperas en cada parada. Esto facilita la planificaci\u00f3n de los viajes y ayuda a evitar contratiempos frente a las variaciones t\u00edpicas del verano.<\/p>\n\n\n\n<p>En cuanto a los beneficios del sector educativo, la Provincia record\u00f3 que los&nbsp;<strong>abonos y descuentos del 50%, 60% o 100%<\/strong>&nbsp;-destinados a estudiantes de todos los niveles, docentes y celadores-&nbsp;<strong>no rigen durante los recesos de invierno y verano<\/strong>. Esto incluye tambi\u00e9n la extensi\u00f3n del descuento universitario, que queda temporalmente suspendida hasta el reinicio del ciclo lectivo.<\/p>\n\n\n\n<p>Los\u00a0<strong>recorridos escolares y el servicio regular<\/strong>\u00a0recuperar\u00e1n su funcionamiento habitual en la\u00a0<strong>segunda semana de febrero<\/strong>, cuando comiencen a reactivarse las actividades educativas y la demanda vuelva a los niveles tradicionales.<\/p>\n\n\n\n<p><strong>Fuente: www.mendozapost.com<\/strong><\/p>\n","protected":false},"excerpt":{"rendered":"<p>Con el fin del ciclo lectivo cada diciembre, la rutina de miles de familias mendocinas se transforma, y con ella tambi\u00e9n lo hace el funcionamiento del transporte p\u00fablico.&nbsp; Este a\u00f1o, las clases finalizar\u00e1n el\u00a019 de diciembre, seg\u00fan lo establece el\u00a0Calendario Escolar 2025 de la Direcci\u00f3n General de Escuelas, y esa fecha marca tambi\u00e9n el inicio [&hellip;]<\/p>\n","protected":false},"author":2,"featured_media":15972,"comment_status":"open","ping_status":"open","sticky":false,"template":"","format":"standard","meta":[],"categories":[50],"tags":[],"_links":{"self":[{"href":"https:\/\/pasaenmendoza.com\/index.php?rest_route=\/wp\/v2\/posts\/15971"}],"collection":[{"href":"https:\/\/pasaenmendoza.com\/index.php?rest_route=\/wp\/v2\/posts"}],"about":[{"href":"https:\/\/pasaenmendoza.com\/index.php?rest_route=\/wp\/v2\/types\/post"}],"author":[{"embeddable":true,"href":"https:\/\/pasaenmendoza.com\/index.php?rest_route=\/wp\/v2\/users\/2"}],"replies":[{"embeddable":true,"href":"https:\/\/pasaenmendoza.com\/index.php?rest_route=%2Fwp%2Fv2%2Fcomments&post=15971"}],"version-history":[{"count":1,"href":"https:\/\/pasaenmendoza.com\/index.php?rest_route=\/wp\/v2\/posts\/15971\/revisions"}],"predecessor-version":[{"id":15973,"href":"https:\/\/pasaenmendoza.com\/index.php?rest_route=\/wp\/v2\/posts\/15971\/revisions\/15973"}],"wp:featuredmedia":[{"embeddable":true,"href":"https:\/\/pasaenmendoza.com\/index.php?rest_route=\/wp\/v2\/media\/15972"}],"wp:attachment":[{"href":"https:\/\/pasaenmendoza.com\/index.php?rest_route=%2Fwp%2Fv2%2Fmedia&parent=15971"}],"wp:term":[{"taxonomy":"category","embeddable":true,"href":"https:\/\/pasaenmendoza.com\/index.php?rest_route=%2Fwp%2Fv2%2Fcategories&post=15971"},{"taxonomy":"post_tag","embeddable":true,"href":"https:\/\/pasaenmendoza.com\/index.php?rest_route=%2Fwp%2Fv2%2Ftags&post=15971"}],"curies":[{"name":"wp","href":"https:\/\/api.w.org\/{rel}","templated":true}]}}