{"id":15975,"date":"2025-12-03T22:43:56","date_gmt":"2025-12-03T21:43:56","guid":{"rendered":"https:\/\/pasaenmendoza.com\/?p=15975"},"modified":"2025-12-03T22:43:57","modified_gmt":"2025-12-03T21:43:57","slug":"cinco-mendocinos-asumieron-como-diputados-las-formulas-que-eligieron-y-la-particular-jura-de-petri","status":"publish","type":"post","link":"https:\/\/pasaenmendoza.com\/?p=15975","title":{"rendered":"Cinco mendocinos asumieron como diputados: las f\u00f3rmulas que eligieron y la particular jura de Petri"},"content":{"rendered":"\n<p>Los nuevos 127\u00a0<strong>diputados nacionales<\/strong>\u00a0electos en las elecciones del pasado 26 de octubre se juraron como legisladores, ante la presencia del presidente Javier Milei. Entre ellos estuvieron los 5 mendocinos: Pamela Verasay, Emir F\u00e9lix, \u00c1lvaro Mart\u00ednez, Luis Petri y Julieta Metral Asensio.<\/p>\n\n\n\n<p><strong>Verasay<\/strong>, que adem\u00e1s qued\u00f3 como jefa del bloque de la UCR en la C\u00e1mara de Diputados, jur\u00f3, con la f\u00f3rmula 1, \u201cdesempe\u00f1ar fielmente el cargo de diputada\u201d.<\/p>\n\n\n\n<p>Con la f\u00f3rmula 2, \u201cpor Dios, la Patria y los Santos Evangelios\u201d juraron&nbsp;<strong>F\u00e9lix, Mart\u00ednez y Petri<\/strong>.<\/p>\n\n\n\n<p>La sanrafaelina\u00a0<strong>Metral Asensio<\/strong>\u00a0jur\u00f3 con la f\u00f3rmula 3 por \u201cDios y la Patria\u201d.<\/p>\n\n\n\n<h2 class=\"wp-block-heading\">La particular jura como diputado nacional de Luis Petri<\/h2>\n\n\n\n<p>Si bien eligi\u00f3 una f\u00f3rmula tradicional, al momento de expresarse, Luis Petri fue m\u00e1s all\u00e1 y pronunci\u00f3 su propio discurso en el Congreso.<\/p>\n\n\n\n<p>\u201cPor la Constituci\u00f3n, la libertad de los argentinos y bajo la protecci\u00f3n de la Virgen del Carmen de Cuyo, patrona del Ej\u00e9rcito de los Andes\u201d, jur\u00f3 el mendocino, que vuelve al Congreso como&nbsp;<strong>diputado nacional<\/strong>.<\/p>\n\n\n\n<h2 class=\"wp-block-heading\">Javier Milei asisti\u00f3 a la jura de diputados nacionales<\/h2>\n\n\n\n<p>Fueron 127 en total los&nbsp;<strong>diputados nacionales<\/strong>&nbsp;que juraron este mi\u00e9rcoles en la sesi\u00f3n preparatoria.<\/p>\n\n\n\n<p>El presidente\u00a0<strong>Javier Milei<\/strong>\u00a0sigui\u00f3 la jura desde un palco especial junto con el jefe de Gabinete, Manuel Adorni, y la secretaria general de la Presidencia, Karina Milei.<\/p>\n\n\n\n<p>Se trat\u00f3 de un momento clave para La Libertad Avanza que este martes consigui\u00f3 arrebatarle a Uni\u00f3n por la Patria la primera minor\u00eda en la C\u00e1mara Baja.<\/p>\n\n\n\n<p>Milei lo hab\u00eda celebrado en redes sociales: \u201cPrimera minor\u00eda confirmada. VLLC! Fin\u201d.<\/p>\n\n\n\n<p><strong>Fuente: www.diariouno.com.ar<\/strong><\/p>\n","protected":false},"excerpt":{"rendered":"<p>Los nuevos 127\u00a0diputados nacionales\u00a0electos en las elecciones del pasado 26 de octubre se juraron como legisladores, ante la presencia del presidente Javier Milei. Entre ellos estuvieron los 5 mendocinos: Pamela Verasay, Emir F\u00e9lix, \u00c1lvaro Mart\u00ednez, Luis Petri y Julieta Metral Asensio. Verasay, que adem\u00e1s qued\u00f3 como jefa del bloque de la UCR en la C\u00e1mara [&hellip;]<\/p>\n","protected":false},"author":2,"featured_media":15976,"comment_status":"open","ping_status":"open","sticky":false,"template":"","format":"standard","meta":[],"categories":[47],"tags":[],"_links":{"self":[{"href":"https:\/\/pasaenmendoza.com\/index.php?rest_route=\/wp\/v2\/posts\/15975"}],"collection":[{"href":"https:\/\/pasaenmendoza.com\/index.php?rest_route=\/wp\/v2\/posts"}],"about":[{"href":"https:\/\/pasaenmendoza.com\/index.php?rest_route=\/wp\/v2\/types\/post"}],"author":[{"embeddable":true,"href":"https:\/\/pasaenmendoza.com\/index.php?rest_route=\/wp\/v2\/users\/2"}],"replies":[{"embeddable":true,"href":"https:\/\/pasaenmendoza.com\/index.php?rest_route=%2Fwp%2Fv2%2Fcomments&post=15975"}],"version-history":[{"count":1,"href":"https:\/\/pasaenmendoza.com\/index.php?rest_route=\/wp\/v2\/posts\/15975\/revisions"}],"predecessor-version":[{"id":15977,"href":"https:\/\/pasaenmendoza.com\/index.php?rest_route=\/wp\/v2\/posts\/15975\/revisions\/15977"}],"wp:featuredmedia":[{"embeddable":true,"href":"https:\/\/pasaenmendoza.com\/index.php?rest_route=\/wp\/v2\/media\/15976"}],"wp:attachment":[{"href":"https:\/\/pasaenmendoza.com\/index.php?rest_route=%2Fwp%2Fv2%2Fmedia&parent=15975"}],"wp:term":[{"taxonomy":"category","embeddable":true,"href":"https:\/\/pasaenmendoza.com\/index.php?rest_route=%2Fwp%2Fv2%2Fcategories&post=15975"},{"taxonomy":"post_tag","embeddable":true,"href":"https:\/\/pasaenmendoza.com\/index.php?rest_route=%2Fwp%2Fv2%2Ftags&post=15975"}],"curies":[{"name":"wp","href":"https:\/\/api.w.org\/{rel}","templated":true}]}}