{"id":15984,"date":"2025-12-03T22:57:44","date_gmt":"2025-12-03T21:57:44","guid":{"rendered":"https:\/\/pasaenmendoza.com\/?p=15984"},"modified":"2025-12-03T22:57:54","modified_gmt":"2025-12-03T21:57:54","slug":"homenajearon-a-policias-que-actuaron-en-emergencias-criticas-del-sur-mendocino","status":"publish","type":"post","link":"https:\/\/pasaenmendoza.com\/?p=15984","title":{"rendered":"Homenajearon a polic\u00edas que actuaron en emergencias cr\u00edticas del sur mendocino"},"content":{"rendered":"\n<p>Durante un\u00a0<strong>acto institucional<\/strong>, autoridades de la\u00a0<strong>Inspecci\u00f3n General de Seguridad (IGS)<\/strong>\u00a0destacaron el\u00a0<strong>profesionalismo<\/strong>\u00a0de los efectivos que, a lo largo del a\u00f1o, realizaron\u00a0<strong>intervenciones decisivas<\/strong>\u00a0y promovieron\u00a0<strong>mejoras operativas<\/strong>\u00a0en comisar\u00edas y unidades especiales de la\u00a0<strong>zona Sur<\/strong>.<\/p>\n\n\n\n<p>La ceremonia, desarrollada en el\u00a0<strong>Centro de Congresos y Exposiciones Alfredo Bufano<\/strong>, estuvo encabezada por el director de la\u00a0<strong>IGS<\/strong>,\u00a0<strong>Marcelo Puertas<\/strong>, junto al jefe de la\u00a0<strong>Distrital Sur<\/strong>,\u00a0<strong>V\u00edctor Ballejos<\/strong>, y los responsables de las departamentales\u00a0<strong>San Rafael<\/strong>,\u00a0<strong>General Alvear<\/strong>\u00a0y\u00a0<strong>Malarg\u00fce<\/strong>. Todos resaltaron el\u00a0<strong>compromiso<\/strong>, la\u00a0<strong>rapidez<\/strong>\u00a0y el\u00a0<strong>criterio operativo<\/strong>\u00a0demostrados en situaciones cr\u00edticas que exigieron respuestas proporcionales al riesgo.<\/p>\n\n\n\n<p>El jefe de la departamental&nbsp;<strong>San Rafael<\/strong>,&nbsp;<strong>Fernando Ludue\u00f1a<\/strong>, subray\u00f3 el valor simb\u00f3lico de estas distinciones y record\u00f3 que \u201chay polic\u00edas que se preocupan y trabajan d\u00eda a d\u00eda por el&nbsp;<strong>bienestar<\/strong>&nbsp;de nuestros vecinos\u201d. Remarc\u00f3 que estos reconocimientos son un&nbsp;<strong>est\u00edmulo importante<\/strong>&nbsp;para el personal que enfrenta las&nbsp;<strong>emergencias cotidianas<\/strong>.<\/p>\n\n\n\n<p>Por su parte,&nbsp;<strong>Puertas<\/strong>&nbsp;explic\u00f3 que la IGS distingue actuaciones \u201cque exceden el cumplimiento del deber, pero en sentido positivo\u201d, y repas\u00f3 los&nbsp;<strong>tres casos destacados<\/strong>&nbsp;del a\u00f1o: la intervenci\u00f3n en un&nbsp;<strong>incendio en General Alvear<\/strong>, el operativo para contener a un ciudadano en&nbsp;<strong>San Rafael<\/strong>&nbsp;y las&nbsp;<strong>gestiones sobresalientes<\/strong>&nbsp;de jefes de dependencias del Sur.<\/p>\n\n\n\n<h2 class=\"wp-block-heading\">Intervenci\u00f3n en un incendio en General Alvear<\/h2>\n\n\n\n<p>La\u00a0<strong>Resoluci\u00f3n 1338\/2025<\/strong>\u00a0reconoci\u00f3 a cuatro auxiliares que intervinieron el\u00a0<strong>28 de agosto<\/strong>\u00a0en un\u00a0<strong>incendio<\/strong>\u00a0desatado en un ca\u00f1averal cercano al polideportivo de\u00a0<strong>General Alvear<\/strong>. El avance del fuego, impulsado por\u00a0<strong>fuertes vientos<\/strong>, amenazaba viviendas de la zona.<\/p>\n\n\n\n<p>Antes de la llegada de\u00a0<strong>Bomberos<\/strong>\u00a0y\u00a0<strong>Defensa Civil<\/strong>, el personal policial organiz\u00f3 una\u00a0<strong>evacuaci\u00f3n preventiva<\/strong>\u00a0y colabor\u00f3 en las primeras tareas de\u00a0<strong>contenci\u00f3n<\/strong>, lo que permiti\u00f3 controlar el siniestro sin\u00a0<strong>lesionados<\/strong>\u00a0ni\u00a0<strong>da\u00f1os materiales<\/strong>.<\/p>\n\n\n\n<h2 class=\"wp-block-heading\">Contenci\u00f3n de un incidente cr\u00edtico en San Rafael<\/h2>\n\n\n\n<p>La&nbsp;<strong>Resoluci\u00f3n 1339\/2025<\/strong>&nbsp;destac\u00f3 el accionar de la&nbsp;<strong>Comisar\u00eda 32<\/strong>,&nbsp;<strong>Cuerpos Especiales<\/strong>,&nbsp;<strong>GRIS<\/strong>&nbsp;y&nbsp;<strong>GES<\/strong>&nbsp;durante un incidente ocurrido el&nbsp;<strong>12 de noviembre<\/strong>&nbsp;en San Rafael. Un ciudadano en&nbsp;<strong>estado de alteraci\u00f3n extrema<\/strong>&nbsp;se autolesionaba con un&nbsp;<strong>fragmento de vidrio<\/strong>&nbsp;y amenazaba a terceros.<\/p>\n\n\n\n<p>Los efectivos establecieron un&nbsp;<strong>per\u00edmetro de seguridad<\/strong>, protegieron a&nbsp;<strong>transe\u00fantes<\/strong>&nbsp;y asistieron a un vecino lesionado. Tras un proceso de&nbsp;<strong>negociaci\u00f3n<\/strong>, el individuo fue reducido y trasladado para recibir&nbsp;<strong>atenci\u00f3n m\u00e9dica<\/strong>.<\/p>\n\n\n\n<h2 class=\"wp-block-heading\">Mejoras operativas en dependencias del Sur<\/h2>\n\n\n\n<p>La&nbsp;<strong>Resoluci\u00f3n 1340\/2025<\/strong>&nbsp;distingui\u00f3 a jefes de dependencias con&nbsp;<strong>calificaciones sobresalientes<\/strong>&nbsp;en el relevamiento institucional anual. Entre las \u00e1reas reconocidas figuran la&nbsp;<strong>UMAR Zona Sur<\/strong>, la&nbsp;<strong>Subdelegaci\u00f3n de Bomberos de General Alvear<\/strong>&nbsp;y&nbsp;<strong>Bomberos El Nihuil<\/strong>.<\/p>\n\n\n\n<p>Se resaltaron&nbsp;<strong>mejoras edilicias<\/strong>,&nbsp;<strong>administrativas<\/strong>&nbsp;y&nbsp;<strong>operativas<\/strong>, as\u00ed como una conducci\u00f3n eficiente de&nbsp;<strong>equipos<\/strong>&nbsp;y&nbsp;<strong>recursos humanos<\/strong>, factores que fortalecieron la&nbsp;<strong>prestaci\u00f3n del servicio<\/strong>.<\/p>\n\n\n\n<h2 class=\"wp-block-heading\">Aporte clave de Log\u00edstica<\/h2>\n\n\n\n<p>Finalmente, se otorg\u00f3 un\u00a0<strong>reconocimiento especial<\/strong>\u00a0al jefe de\u00a0<strong>Log\u00edstica Zona Sur<\/strong>, por su labor sostenida para garantizar la\u00a0<strong>operatividad<\/strong>\u00a0de las movilidades policiales en todo el territorio.<\/p>\n\n\n\n<p><strong>Fuente: www.diariomendoza.com.ar<\/strong><\/p>\n\n\n\n<p><a href=\"https:\/\/www.diariomendoza.com.ar\/policiales\/golpe-delito-regional-cayo-banda-mendocina-arrasaba-perfumerias-cuyo-n135374\"><\/a><\/p>\n","protected":false},"excerpt":{"rendered":"<p>Durante un\u00a0acto institucional, autoridades de la\u00a0Inspecci\u00f3n General de Seguridad (IGS)\u00a0destacaron el\u00a0profesionalismo\u00a0de los efectivos que, a lo largo del a\u00f1o, realizaron\u00a0intervenciones decisivas\u00a0y promovieron\u00a0mejoras operativas\u00a0en comisar\u00edas y unidades especiales de la\u00a0zona Sur. La ceremonia, desarrollada en el\u00a0Centro de Congresos y Exposiciones Alfredo Bufano, estuvo encabezada por el director de la\u00a0IGS,\u00a0Marcelo Puertas, junto al jefe de la\u00a0Distrital Sur,\u00a0V\u00edctor [&hellip;]<\/p>\n","protected":false},"author":2,"featured_media":15985,"comment_status":"open","ping_status":"open","sticky":false,"template":"","format":"standard","meta":[],"categories":[48],"tags":[],"_links":{"self":[{"href":"https:\/\/pasaenmendoza.com\/index.php?rest_route=\/wp\/v2\/posts\/15984"}],"collection":[{"href":"https:\/\/pasaenmendoza.com\/index.php?rest_route=\/wp\/v2\/posts"}],"about":[{"href":"https:\/\/pasaenmendoza.com\/index.php?rest_route=\/wp\/v2\/types\/post"}],"author":[{"embeddable":true,"href":"https:\/\/pasaenmendoza.com\/index.php?rest_route=\/wp\/v2\/users\/2"}],"replies":[{"embeddable":true,"href":"https:\/\/pasaenmendoza.com\/index.php?rest_route=%2Fwp%2Fv2%2Fcomments&post=15984"}],"version-history":[{"count":1,"href":"https:\/\/pasaenmendoza.com\/index.php?rest_route=\/wp\/v2\/posts\/15984\/revisions"}],"predecessor-version":[{"id":15986,"href":"https:\/\/pasaenmendoza.com\/index.php?rest_route=\/wp\/v2\/posts\/15984\/revisions\/15986"}],"wp:featuredmedia":[{"embeddable":true,"href":"https:\/\/pasaenmendoza.com\/index.php?rest_route=\/wp\/v2\/media\/15985"}],"wp:attachment":[{"href":"https:\/\/pasaenmendoza.com\/index.php?rest_route=%2Fwp%2Fv2%2Fmedia&parent=15984"}],"wp:term":[{"taxonomy":"category","embeddable":true,"href":"https:\/\/pasaenmendoza.com\/index.php?rest_route=%2Fwp%2Fv2%2Fcategories&post=15984"},{"taxonomy":"post_tag","embeddable":true,"href":"https:\/\/pasaenmendoza.com\/index.php?rest_route=%2Fwp%2Fv2%2Ftags&post=15984"}],"curies":[{"name":"wp","href":"https:\/\/api.w.org\/{rel}","templated":true}]}}