{"id":15987,"date":"2025-12-04T19:59:10","date_gmt":"2025-12-04T18:59:10","guid":{"rendered":"https:\/\/pasaenmendoza.com\/?p=15987"},"modified":"2025-12-04T19:59:11","modified_gmt":"2025-12-04T18:59:11","slug":"vendimia-90-aniversario-presentaron-el-cronograma-completo-de-actividades","status":"publish","type":"post","link":"https:\/\/pasaenmendoza.com\/?p=15987","title":{"rendered":"Vendimia 90 aniversario: presentaron el cronograma completo de actividades"},"content":{"rendered":"\n<p>El ministro de Cultura,\u00a0<strong>Tadeo Garc\u00eda Zalazar<\/strong>, el subsecretario\u00a0<strong>Diego Gareca<\/strong>\u00a0y el intendente\u00a0<strong>Edgardo Gonz\u00e1lez<\/strong>\u00a0dieron a conocer el\u00a0<strong>cronograma oficial de la\u00a0Fiesta Nacional de la Vendimia\u00a02026<\/strong>, en una presentaci\u00f3n realizada en la\u00a0<strong>Sala Elina Alba<\/strong>\u00a0de la Subsecretar\u00eda de Cultura.<\/p>\n\n\n\n<p>El anuncio confirm\u00f3 que el&nbsp;<strong>Acto Central<\/strong>, titulado&nbsp;<strong>90 cosechas de una misma cepa<\/strong>&nbsp;y dirigido por&nbsp;<strong>Pablo Perri<\/strong>, se realizar\u00e1 el&nbsp;<strong>s\u00e1bado 7 de marzo<\/strong>&nbsp;en el&nbsp;<strong>Teatro Griego Frank Romero Day<\/strong>, con&nbsp;<strong>repetici\u00f3n<\/strong>&nbsp;el&nbsp;<strong>domingo 8<\/strong>.<\/p>\n\n\n\n<p>Entre las novedades, se destac\u00f3 que\u00a0<strong>Lavalle<\/strong>\u00a0ser\u00e1, por primera vez, sede de la\u00a0<strong>Bendici\u00f3n de los Frutos<\/strong>\u00a0y del\u00a0<strong>Paseo Federal<\/strong>, en l\u00ednea con la decisi\u00f3n de fortalecer la\u00a0<strong>federalizaci\u00f3n<\/strong>\u00a0de la fiesta. Para el departamento, se\u00f1alaron, se trata de un\u00a0<strong>hecho hist\u00f3rico<\/strong>.<\/p>\n\n\n\n<p>El&nbsp;<strong>calendario vendimial<\/strong>&nbsp;incluye m\u00e1s de 40 actividades entre diciembre y marzo, con las tradicionales&nbsp;<strong>Vendimias departamentales<\/strong>, la&nbsp;<strong>V\u00eda Blanca<\/strong>, el&nbsp;<strong>Carrusel<\/strong>, la&nbsp;<strong>Fiesta de la Cosecha<\/strong>&nbsp;y eventos especiales como el&nbsp;<strong>Cuyanazo<\/strong>, el&nbsp;<strong>Wine Rock<\/strong>&nbsp;y la&nbsp;<strong>Dionisias Wine Fair<\/strong>.<\/p>\n\n\n\n<p>En el marco de los\u00a0<strong>90 a\u00f1os<\/strong>\u00a0de la celebraci\u00f3n, se present\u00f3 tambi\u00e9n el\u00a0<strong>nuevo sitio oficial de Vendimia<\/strong>, una plataforma que re\u00fane\u00a0<strong>informaci\u00f3n hist\u00f3rica<\/strong>,\u00a0<strong>contenidos exclusivos<\/strong>, entrevistas, archivos y el\u00a0<strong>calendario actualizado<\/strong>, dise\u00f1ada para mejorar la experiencia del p\u00fablico local y los turistas.<\/p>\n\n\n\n<p>Toda la informaci\u00f3n sobre la\u00a0<strong>Fiesta Nacional de la Vendimia<\/strong>\u00a0est\u00e1 disponible en\u00a0<strong>www.mendoza.gob.ar\/vendimia<\/strong>.<\/p>\n\n\n\n<p><strong>Fuente: www.diariomendoza.com.ar<\/strong><\/p>\n","protected":false},"excerpt":{"rendered":"<p>El ministro de Cultura,\u00a0Tadeo Garc\u00eda Zalazar, el subsecretario\u00a0Diego Gareca\u00a0y el intendente\u00a0Edgardo Gonz\u00e1lez\u00a0dieron a conocer el\u00a0cronograma oficial de la\u00a0Fiesta Nacional de la Vendimia\u00a02026, en una presentaci\u00f3n realizada en la\u00a0Sala Elina Alba\u00a0de la Subsecretar\u00eda de Cultura. El anuncio confirm\u00f3 que el&nbsp;Acto Central, titulado&nbsp;90 cosechas de una misma cepa&nbsp;y dirigido por&nbsp;Pablo Perri, se realizar\u00e1 el&nbsp;s\u00e1bado 7 de marzo&nbsp;en [&hellip;]<\/p>\n","protected":false},"author":2,"featured_media":15988,"comment_status":"open","ping_status":"open","sticky":false,"template":"","format":"standard","meta":[],"categories":[74],"tags":[],"_links":{"self":[{"href":"https:\/\/pasaenmendoza.com\/index.php?rest_route=\/wp\/v2\/posts\/15987"}],"collection":[{"href":"https:\/\/pasaenmendoza.com\/index.php?rest_route=\/wp\/v2\/posts"}],"about":[{"href":"https:\/\/pasaenmendoza.com\/index.php?rest_route=\/wp\/v2\/types\/post"}],"author":[{"embeddable":true,"href":"https:\/\/pasaenmendoza.com\/index.php?rest_route=\/wp\/v2\/users\/2"}],"replies":[{"embeddable":true,"href":"https:\/\/pasaenmendoza.com\/index.php?rest_route=%2Fwp%2Fv2%2Fcomments&post=15987"}],"version-history":[{"count":1,"href":"https:\/\/pasaenmendoza.com\/index.php?rest_route=\/wp\/v2\/posts\/15987\/revisions"}],"predecessor-version":[{"id":15989,"href":"https:\/\/pasaenmendoza.com\/index.php?rest_route=\/wp\/v2\/posts\/15987\/revisions\/15989"}],"wp:featuredmedia":[{"embeddable":true,"href":"https:\/\/pasaenmendoza.com\/index.php?rest_route=\/wp\/v2\/media\/15988"}],"wp:attachment":[{"href":"https:\/\/pasaenmendoza.com\/index.php?rest_route=%2Fwp%2Fv2%2Fmedia&parent=15987"}],"wp:term":[{"taxonomy":"category","embeddable":true,"href":"https:\/\/pasaenmendoza.com\/index.php?rest_route=%2Fwp%2Fv2%2Fcategories&post=15987"},{"taxonomy":"post_tag","embeddable":true,"href":"https:\/\/pasaenmendoza.com\/index.php?rest_route=%2Fwp%2Fv2%2Ftags&post=15987"}],"curies":[{"name":"wp","href":"https:\/\/api.w.org\/{rel}","templated":true}]}}