{"id":1599,"date":"2023-09-20T15:43:30","date_gmt":"2023-09-20T13:43:30","guid":{"rendered":"https:\/\/pasaenmendoza.com\/?p=1599"},"modified":"2023-09-20T15:43:31","modified_gmt":"2023-09-20T13:43:31","slug":"robaron-el-auto-a-un-hombre-frente-al-estadio-polimeni","status":"publish","type":"post","link":"https:\/\/pasaenmendoza.com\/?p=1599","title":{"rendered":"Robaron el auto a un hombre frente al Estadio Polimeni"},"content":{"rendered":"\n<p>\u00a0Un hombre que circulaba en su auto este martes por la noche fue asaltado en\u00a0<strong>Las Heras<\/strong>. El\u00a0<strong>robo<\/strong>\u00a0fue a la altura de calles Roca y S\u00e1enz Pe\u00f1a, en las inmediaciones del\u00a0<strong>Estadio Vicente Polimeni<\/strong>.<\/p>\n\n\n\n<p>El\u00a0<strong>asalto<\/strong>\u00a0se produjo cuando la v\u00edctima, M. R., de 37 a\u00f1os, manejaba su auto Fiat Argo cuando fue sorprendido por sujetos que bajo amenaza le robaron el veh\u00edculo.<\/p>\n\n\n\n<p>El hecho se produjo a las 21.00 de este martes, informaron fuentes policiales.<\/p>\n\n\n\n<p>Investiga el caso la Oficina Fiscal N\u00b05 de<strong>\u00a0Las Heras<\/strong>.<\/p>\n\n\n\n<p><strong>Fuente: www.mendozapost.com<\/strong><\/p>\n","protected":false},"excerpt":{"rendered":"<p>\u00a0Un hombre que circulaba en su auto este martes por la noche fue asaltado en\u00a0Las Heras. El\u00a0robo\u00a0fue a la altura de calles Roca y S\u00e1enz Pe\u00f1a, en las inmediaciones del\u00a0Estadio Vicente Polimeni. El\u00a0asalto\u00a0se produjo cuando la v\u00edctima, M. R., de 37 a\u00f1os, manejaba su auto Fiat Argo cuando fue sorprendido por sujetos que bajo amenaza [&hellip;]<\/p>\n","protected":false},"author":2,"featured_media":1600,"comment_status":"open","ping_status":"open","sticky":false,"template":"","format":"standard","meta":[],"categories":[48],"tags":[],"_links":{"self":[{"href":"https:\/\/pasaenmendoza.com\/index.php?rest_route=\/wp\/v2\/posts\/1599"}],"collection":[{"href":"https:\/\/pasaenmendoza.com\/index.php?rest_route=\/wp\/v2\/posts"}],"about":[{"href":"https:\/\/pasaenmendoza.com\/index.php?rest_route=\/wp\/v2\/types\/post"}],"author":[{"embeddable":true,"href":"https:\/\/pasaenmendoza.com\/index.php?rest_route=\/wp\/v2\/users\/2"}],"replies":[{"embeddable":true,"href":"https:\/\/pasaenmendoza.com\/index.php?rest_route=%2Fwp%2Fv2%2Fcomments&post=1599"}],"version-history":[{"count":1,"href":"https:\/\/pasaenmendoza.com\/index.php?rest_route=\/wp\/v2\/posts\/1599\/revisions"}],"predecessor-version":[{"id":1601,"href":"https:\/\/pasaenmendoza.com\/index.php?rest_route=\/wp\/v2\/posts\/1599\/revisions\/1601"}],"wp:featuredmedia":[{"embeddable":true,"href":"https:\/\/pasaenmendoza.com\/index.php?rest_route=\/wp\/v2\/media\/1600"}],"wp:attachment":[{"href":"https:\/\/pasaenmendoza.com\/index.php?rest_route=%2Fwp%2Fv2%2Fmedia&parent=1599"}],"wp:term":[{"taxonomy":"category","embeddable":true,"href":"https:\/\/pasaenmendoza.com\/index.php?rest_route=%2Fwp%2Fv2%2Fcategories&post=1599"},{"taxonomy":"post_tag","embeddable":true,"href":"https:\/\/pasaenmendoza.com\/index.php?rest_route=%2Fwp%2Fv2%2Ftags&post=1599"}],"curies":[{"name":"wp","href":"https:\/\/api.w.org\/{rel}","templated":true}]}}