{"id":15993,"date":"2025-12-04T20:07:57","date_gmt":"2025-12-04T19:07:57","guid":{"rendered":"https:\/\/pasaenmendoza.com\/?p=15993"},"modified":"2025-12-04T20:08:06","modified_gmt":"2025-12-04T19:08:06","slug":"el-gobierno-acordo-concentrar-las-manifestaciones-antimineras-en-la-plaza-independencia","status":"publish","type":"post","link":"https:\/\/pasaenmendoza.com\/?p=15993","title":{"rendered":"El Gobierno acord\u00f3 concentrar las manifestaciones antimineras en la plaza Independencia"},"content":{"rendered":"\n<p>El Ministerio de Seguridad defini\u00f3 que las\u00a0<strong>concentraciones antimineras<\/strong>\u00a0previstas para manifestarse en contra del proyecto San Jorge ser\u00e1n en la plaza Independencia. As\u00ed lo anunci\u00f3 la ministra Mercedes Rus, despu\u00e9s de obtener la autorizaci\u00f3n del intendente de la Ciudad de Mendoza,\u00a0<strong>Ulpiano Suarez<\/strong>.<\/p>\n\n\n\n<p>Lo que busca el Gobierno es mantener bajo control a quienes se manifiesten en contra de la&nbsp;<strong>miner\u00eda<\/strong>, luego de que el Senado le diera luz verde al tratamiento del proyecto minero PSJ Cobre Mendocino en la Legislatura.<\/p>\n\n\n\n<p>&#8220;En Mendoza el orden no se negocia y las leyes se cumplen. Los mendocinos pueden estar tranquilos: no vamos a permitir hechos de violencia como los registrados recientemente en manifestaciones&#8221;, sostuvo&nbsp;<strong>Rus&nbsp;<\/strong>en conferencia de prensa, junto con el director general de Polic\u00edas, Marcelo Calipo.<\/p>\n\n\n\n<p>La idea es \u201cceder\u201d a los\u00a0<strong>antimineros<\/strong>\u00a0y ambientalistas \u2013bajo la mirada de fuerzas de seguridad- el pulm\u00f3n verde que se encuentra enfrente del edificio en el que este martes se tratar\u00e1 en sesi\u00f3n la ley que ratifica la Declaraci\u00f3n de Impacto Ambiental, para que el proyecto de la minera San Jorge\u00a0pueda comenzar a operar.<\/p>\n\n\n\n<p>El operativo comenz\u00f3 a delinearse con anticipaci\u00f3n para evitar que se produzcan hechos de vandalismo, como los que ocurrieron en la&nbsp;<strong>marcha antiminera<\/strong>&nbsp;del martes por la noche en la peatonal de&nbsp;<strong>Mendoza<\/strong>.<\/p>\n\n\n\n<p>Por esos sucesos, tanto el Ministerio de Seguridad como la Municipalidad de la Ciudad\u00a0formalizaron una denuncia ante el Ministerio P\u00fablico Fiscal. El objetivo es dar con qui\u00e9nes causaron da\u00f1os al espacio p\u00fablico con pintadas y roturas y los reparen.<\/p>\n\n\n\n<p>En la conferencia de prensa,&nbsp;<strong>Rus<\/strong>&nbsp;inform\u00f3 que tambi\u00e9n se investiga a quienes increparon y\/o lesionaron a personal policial y a la ministra de Energ\u00eda y Ambiente, Jimena Latorre, la semana pasada.<\/p>\n\n\n\n<h2 class=\"wp-block-heading\">Antimineros, a la plaza Independencia<\/h2>\n\n\n\n<p>\u201cLo que queremos es dar garant\u00edas para que todo aquel que se quiera manifestar, lo pueda hacer, pero cumpliendo las reglas\u201d, dijo la&nbsp;<strong>ministra Rus<\/strong>&nbsp;este jueves.<\/p>\n\n\n\n<p>\u201cHemos obtenido la autorizaci\u00f3n del intendente\u00a0<strong>Ulpiano Suarez<\/strong>\u00a0para poner a disposici\u00f3n para manifestaciones la plaza Independencia, un punto cercano a la Legislatura\u201d, agreg\u00f3, aunque aclar\u00f3 que ser\u00e1 sin posibilidad de acampe y, por supuesto, con control para que no se produzcan da\u00f1os al espacio p\u00fablico.<\/p>\n\n\n\n<p>\u201cEstamos trabajando con la Municipalidad para que el martes se puedan desarrollar en paz, tanto la sesi\u00f3n de la&nbsp;<strong>Legislatura<\/strong>&nbsp;como las marchas\u201d en contra de la&nbsp;<strong>miner\u00eda<\/strong>.<\/p>\n\n\n\n<p>Esto, porque en el recinto,\u00a0los senadores tratar\u00e1n\u00a0<strong>4 proyectos mineros<\/strong>\u00a0que llegaron a la c\u00e1mara alta con media sanci\u00f3n de Diputados: la DIA para\u00a0<strong>PSJ Cobre Mendocino<\/strong>, en Uspallata \u2013el proyecto m\u00e1s resistido por los\u00a0<strong>antimineros<\/strong>-; las DIAs para 27 proyectos mineros ubicados en Malarg\u00fce; los cambios en el reparto de regal\u00edas mineras y la creaci\u00f3n de un Fondo de Compensaci\u00f3n Ambiental.<\/p>\n\n\n\n<p>Lo que se busca evitar concentrando las&nbsp;<strong>manifestaciones<\/strong>&nbsp;en la plaza es \u201cel caos y el corte de tr\u00e1nsito total\u201d, que no est\u00e1 permitido.<\/p>\n\n\n\n<p>&#8220;Quienes quieran expresar su acuerdo o desacuerdo podr\u00e1n hacerlo en convivencia, sin violentos y sin afectar la vida del resto de los ciudadanos. Ese es el equilibrio democr\u00e1tico que debemos recuperar\u201d, afirm\u00f3. Asimismo, ratific\u00f3 que la Provincia mantiene di\u00e1logo permanente con organizaciones sociales, aunque en este caso no fue posible establecerlo. \u201cLas puertas siguen abiertas\u201d, remarc\u00f3<strong>&nbsp;Mercedes Rus<\/strong>.<\/p>\n\n\n\n<h2 class=\"wp-block-heading\">Investigaci\u00f3n contra los antimineros<\/h2>\n\n\n\n<p>En la presentaci\u00f3n formal que la Municipalidad de la Ciudad de Mendoza realiz\u00f3 ante el Ministerio P\u00fablico Fiscal inform\u00f3 la apertura de una investigaci\u00f3n por los hechos de\u00a0<strong>vandalismo\u00a0<\/strong>ocurridos durante la marcha del martes en contra de la\u00a0<strong>miner\u00eda metal\u00edfera<\/strong>.<\/p>\n\n\n\n<p>A partir de la constataci\u00f3n de&nbsp;<strong>pintadas, grafitis y da\u00f1os<\/strong>&nbsp;en mobiliario urbano, se\u00f1ales de tr\u00e1nsito y fachadas de inmuebles p\u00fablicos y privados, la Secretar\u00eda de Seguridad orden\u00f3:<\/p>\n\n\n\n<ul>\n<li>La apertura del expediente administrativo de investigaci\u00f3n, con base en las infracciones previstas en el C\u00f3digo de Convivencia.<\/li>\n\n\n\n<li>La verificaci\u00f3n y registro de todos los da\u00f1os mediante el trabajo del cuerpo de preventores, inspectores y la Direcci\u00f3n de Seguridad Ciudadana, quienes han labrado las correspondientes Actas de Constataci\u00f3n en cada punto afectado.<\/li>\n\n\n\n<li>La recopilaci\u00f3n de testimonios y elementos de prueba, con el objetivo de identificar a las personas responsables de los hechos.<\/li>\n\n\n\n<li>El an\u00e1lisis exhaustivo de las im\u00e1genes provenientes del Centro de Visualizaci\u00f3n y Monitoreo Municipal, que est\u00e1 revisando las c\u00e1maras de seguridad ubicadas en las zonas donde se produjeron los da\u00f1os, a fin de individualizar a los autores y reconstruir la secuencia de los hechos.<\/li>\n<\/ul>\n\n\n\n<p>En un comunicado, la Ciudad de Mendoza record\u00f3 a quienes se manifiesten en contra de la\u00a0<strong>miner\u00eda<\/strong>\u00a0o en cualquier tipo de marchas que \u201cla protecci\u00f3n del espacio p\u00fablico es una responsabilidad compartida y que las conductas que degradan el entorno urbano constituyen infracciones graves, pasibles de sanciones y de la obligaci\u00f3n de reparar los da\u00f1os ocasionados\u201d.<\/p>\n\n\n\n<p><strong>Fuente: www.diariouno.com.ar<\/strong><\/p>\n","protected":false},"excerpt":{"rendered":"<p>El Ministerio de Seguridad defini\u00f3 que las\u00a0concentraciones antimineras\u00a0previstas para manifestarse en contra del proyecto San Jorge ser\u00e1n en la plaza Independencia. As\u00ed lo anunci\u00f3 la ministra Mercedes Rus, despu\u00e9s de obtener la autorizaci\u00f3n del intendente de la Ciudad de Mendoza,\u00a0Ulpiano Suarez. Lo que busca el Gobierno es mantener bajo control a quienes se manifiesten en [&hellip;]<\/p>\n","protected":false},"author":2,"featured_media":15994,"comment_status":"open","ping_status":"open","sticky":false,"template":"","format":"standard","meta":[],"categories":[47],"tags":[],"_links":{"self":[{"href":"https:\/\/pasaenmendoza.com\/index.php?rest_route=\/wp\/v2\/posts\/15993"}],"collection":[{"href":"https:\/\/pasaenmendoza.com\/index.php?rest_route=\/wp\/v2\/posts"}],"about":[{"href":"https:\/\/pasaenmendoza.com\/index.php?rest_route=\/wp\/v2\/types\/post"}],"author":[{"embeddable":true,"href":"https:\/\/pasaenmendoza.com\/index.php?rest_route=\/wp\/v2\/users\/2"}],"replies":[{"embeddable":true,"href":"https:\/\/pasaenmendoza.com\/index.php?rest_route=%2Fwp%2Fv2%2Fcomments&post=15993"}],"version-history":[{"count":1,"href":"https:\/\/pasaenmendoza.com\/index.php?rest_route=\/wp\/v2\/posts\/15993\/revisions"}],"predecessor-version":[{"id":15995,"href":"https:\/\/pasaenmendoza.com\/index.php?rest_route=\/wp\/v2\/posts\/15993\/revisions\/15995"}],"wp:featuredmedia":[{"embeddable":true,"href":"https:\/\/pasaenmendoza.com\/index.php?rest_route=\/wp\/v2\/media\/15994"}],"wp:attachment":[{"href":"https:\/\/pasaenmendoza.com\/index.php?rest_route=%2Fwp%2Fv2%2Fmedia&parent=15993"}],"wp:term":[{"taxonomy":"category","embeddable":true,"href":"https:\/\/pasaenmendoza.com\/index.php?rest_route=%2Fwp%2Fv2%2Fcategories&post=15993"},{"taxonomy":"post_tag","embeddable":true,"href":"https:\/\/pasaenmendoza.com\/index.php?rest_route=%2Fwp%2Fv2%2Ftags&post=15993"}],"curies":[{"name":"wp","href":"https:\/\/api.w.org\/{rel}","templated":true}]}}