{"id":15996,"date":"2025-12-04T20:12:55","date_gmt":"2025-12-04T19:12:55","guid":{"rendered":"https:\/\/pasaenmendoza.com\/?p=15996"},"modified":"2025-12-04T20:12:56","modified_gmt":"2025-12-04T19:12:56","slug":"elecciones-2026-el-radicalismo-ya-tiene-los-nombres-para-pelear-los-concejos-en-donde-no-gobierna","status":"publish","type":"post","link":"https:\/\/pasaenmendoza.com\/?p=15996","title":{"rendered":"Elecciones 2026: el radicalismo ya tiene los nombres para pelear los Concejos en donde no gobierna"},"content":{"rendered":"\n<p>La Uni\u00f3n C\u00edvica Radical (<strong>UCR<\/strong>) ya eligi\u00f3 candidatos a concejal para poner sobre la mesa en la negociaci\u00f3n con aliados, de la que saldr\u00e1n las listas que competir\u00e1n en las\u00a0<strong>elecciones<\/strong>\u00a0del 22 de febrero en 6 municipios: Luj\u00e1n de Cuyo, Rivadavia, Maip\u00fa, La Paz, Santa Rosa y San Rafael.<\/p>\n\n\n\n<p>Estos nombres ser\u00e1n ratificados por el&nbsp;<strong>Congreso de la UCR<\/strong>&nbsp;el pr\u00f3ximo 13 de diciembre. Luego, hasta el 24 de diciembre, los partidos pol\u00edticos tienen plazo para presentar las&nbsp;<strong>alianzas<\/strong>&nbsp;electorales y, hasta el 3 de enero del a\u00f1o que viene, plazo para oficializar los&nbsp;<strong>candidatos<\/strong>&nbsp;ante la Junta Electoral.<\/p>\n\n\n\n<p>En las\u00a0<strong>elecciones municipales de febrero<\/strong>\u00a0se elegir\u00e1n concejales para renovar la mitad de los Concejos Deliberantes de estos 6 municipios. En el \u00fanico que el\u00a0<strong>radicalismo<\/strong>\u00a0tiene chances de jugar \u201ccasi de local\u201d es en Luj\u00e1n, donde el oficialista Esteban Allasino (PRO) aparece abierto a conformar una alianza con Cambia Mendoza y La Libertad Avanza.<\/p>\n\n\n\n<h2 class=\"wp-block-heading\">La lista de candidatos de la UCR para jugar en las elecciones de Maip\u00fa<\/h2>\n\n\n\n<p>La&nbsp;<strong>Uni\u00f3n C\u00edvica Radical Maip\u00fa<\/strong>&nbsp;confirm\u00f3 su lista de unidad de cara al Congreso partidario del 13 de diciembre, con Jos\u00e9 Ortega a la cabeza. Lo siguen Magal\u00ed Bruno, Gabriel L\u00f3pez, Sol Demanuelli, Pablo Pubill y Gisela Flores. Como suplentes asoman Sebasti\u00e1n Apoud, Vanesa Orellano y Pablo Calcagno.<\/p>\n\n\n\n<p>\u201cLos candidatos a concejales de dicha lista se integrar\u00e1n, en alianza con La Libertad Avanza y dem\u00e1s partidos que se integren al frente, para competir en las elecciones generales del 22 de febrero del 2026\u201d, anunci\u00f3 la\u00a0<strong>UCR<\/strong>.<\/p>\n\n\n\n<h2 class=\"wp-block-heading\">La UCR en San Rafael y las elecciones 2026 como trampol\u00edn para el 2027<\/h2>\n\n\n\n<p>El abogado Juan Pablo Vignoni encabezar\u00e1 la lista de candidatos a&nbsp;<strong>concejales<\/strong>&nbsp;de San Rafael que el radicalismo ratificar\u00e1 en su Congreso partidario. En segundo lugar aparece Romina Giraudo. La siguen Paula P\u00e9rez, Jos\u00e9 Reche, Rosana Cruz y Tom\u00e1s Pavez Torres.<\/p>\n\n\n\n<p>Como suplentes firmaron Noely Maggioni, Diego Silvestre y Mercedes Musa.<\/p>\n\n\n\n<p>Con estos nombres, m\u00e1s los que sume La Libertad Avanza, el gobernador Alfredo Cornejo quiere pisar fuerte en&nbsp;<strong>San Rafael<\/strong>, tierra en la que los hermanos F\u00e9lix son l\u00edderes hace 20 a\u00f1os.<\/p>\n\n\n\n<p>Esta semana Cornejo pas\u00f3 por el Sur, hizo un repaso de las obras que ha asumido con el Gobierno provincial en&nbsp;<strong>San Rafael<\/strong>&nbsp;y cuestion\u00f3 la iniciativa de Omar F\u00e9lix de darle una nueva carta org\u00e1nica al municipio para contar con autonom\u00eda municipal.<\/p>\n\n\n\n<p>De hecho, en las&nbsp;<strong>elecciones de febrero<\/strong>, los votantes se encontrar\u00e1n, adem\u00e1s de con los candidatos a concejales de las distintas fuerzas, con candidatos a convencionales, que son los que definir\u00e1n la nueva \u201cconstituci\u00f3n sanrafaelina\u201d.<\/p>\n\n\n\n<h2 class=\"wp-block-heading\">Radicales en las elecciones de Rivadavia<\/h2>\n\n\n\n<p>La&nbsp;<strong>UCR de Rivadavia<\/strong>&nbsp;defini\u00f3 como cabeza de la lista de unidad a Magal\u00ed Cozzari, mujer del ri\u00f1\u00f3n de Hern\u00e1n Amat, uno de los principales opositores del intendente Ricardo Mansur, quien con ra\u00edces radicales form\u00f3 su propio partido municipal Sembrar.<\/p>\n\n\n\n<p>Segundo en la\u00a0<strong>lista de concejales<\/strong>\u00a0aparece Marcelo G\u00f3mez, seguido de Mario Bustos, Hayde\u00e9 Quesada y Jona Villagr\u00e1n. Suplentes son Leonela M\u00e1rquez, Ariel Banella y Mariela Ledesma.<\/p>\n\n\n\n<h2 class=\"wp-block-heading\">Los nombres de la UCR para la posible fusi\u00f3n con Allasino en Luj\u00e1n de Cuyo<\/h2>\n\n\n\n<p>En&nbsp;<strong>Luj\u00e1n de Cuyo<\/strong>, el primer nombre que aparece en la lista radical de&nbsp;<strong>candidatos a concejal<\/strong>&nbsp;es Gabriel Lima, padre de Flor Lima, la ex presidenta de la Juventud radical.<\/p>\n\n\n\n<p>De haber alianza entre Cambia Mendoza, La Libertad Avanza y el PRO oficialista de Esteban Allasino, la&nbsp;<strong>lista final de candidatos<\/strong>&nbsp;tendr\u00e1 una buena mezcla de cara a las&nbsp;<strong>elecciones<\/strong>&nbsp;de febrero.<\/p>\n\n\n\n<p>En principio, la semana que viene habr\u00eda novedades respecto de la conformaci\u00f3n de este probable frente.<\/p>\n\n\n\n<p>Adem\u00e1s de Lima, en la lista aparecen Viviana Balzarelli y Ezequiel Gentile.<\/p>\n\n\n\n<p>En Luj\u00e1n de Cuyo, en las&nbsp;<strong>elecciones&nbsp;<\/strong>de febrero se elegir\u00e1n 6 concejales.<\/p>\n\n\n\n<h2 class=\"wp-block-heading\">Definiciones en el Este para las elecciones de febrero<\/h2>\n\n\n\n<p>La lista de candidatos a concejales propuesta por el radicalismo en\u00a0<strong>La Paz<\/strong>\u00a0est\u00e1 encabezada por Nelson Poroy\u00e1n. Lo siguen Norma Barroso, Jes\u00fas Quiroga y Rosa Acevedo.<\/p>\n\n\n\n<p>En\u00a0<strong>Santa Rosa<\/strong>, en tanto, habr\u00eda dos listas de cara al congreso partidario que el radicalismo program\u00f3 para el 13 de diciembre, en la previa de las definiciones de cara a las\u00a0<strong>elecciones\u00a0<\/strong>2026.<\/p>\n\n\n\n<p><strong>Fuente: www.diariouno.com.ar<\/strong><\/p>\n","protected":false},"excerpt":{"rendered":"<p>La Uni\u00f3n C\u00edvica Radical (UCR) ya eligi\u00f3 candidatos a concejal para poner sobre la mesa en la negociaci\u00f3n con aliados, de la que saldr\u00e1n las listas que competir\u00e1n en las\u00a0elecciones\u00a0del 22 de febrero en 6 municipios: Luj\u00e1n de Cuyo, Rivadavia, Maip\u00fa, La Paz, Santa Rosa y San Rafael. Estos nombres ser\u00e1n ratificados por el&nbsp;Congreso de [&hellip;]<\/p>\n","protected":false},"author":2,"featured_media":15997,"comment_status":"open","ping_status":"open","sticky":false,"template":"","format":"standard","meta":[],"categories":[47],"tags":[],"_links":{"self":[{"href":"https:\/\/pasaenmendoza.com\/index.php?rest_route=\/wp\/v2\/posts\/15996"}],"collection":[{"href":"https:\/\/pasaenmendoza.com\/index.php?rest_route=\/wp\/v2\/posts"}],"about":[{"href":"https:\/\/pasaenmendoza.com\/index.php?rest_route=\/wp\/v2\/types\/post"}],"author":[{"embeddable":true,"href":"https:\/\/pasaenmendoza.com\/index.php?rest_route=\/wp\/v2\/users\/2"}],"replies":[{"embeddable":true,"href":"https:\/\/pasaenmendoza.com\/index.php?rest_route=%2Fwp%2Fv2%2Fcomments&post=15996"}],"version-history":[{"count":1,"href":"https:\/\/pasaenmendoza.com\/index.php?rest_route=\/wp\/v2\/posts\/15996\/revisions"}],"predecessor-version":[{"id":15998,"href":"https:\/\/pasaenmendoza.com\/index.php?rest_route=\/wp\/v2\/posts\/15996\/revisions\/15998"}],"wp:featuredmedia":[{"embeddable":true,"href":"https:\/\/pasaenmendoza.com\/index.php?rest_route=\/wp\/v2\/media\/15997"}],"wp:attachment":[{"href":"https:\/\/pasaenmendoza.com\/index.php?rest_route=%2Fwp%2Fv2%2Fmedia&parent=15996"}],"wp:term":[{"taxonomy":"category","embeddable":true,"href":"https:\/\/pasaenmendoza.com\/index.php?rest_route=%2Fwp%2Fv2%2Fcategories&post=15996"},{"taxonomy":"post_tag","embeddable":true,"href":"https:\/\/pasaenmendoza.com\/index.php?rest_route=%2Fwp%2Fv2%2Ftags&post=15996"}],"curies":[{"name":"wp","href":"https:\/\/api.w.org\/{rel}","templated":true}]}}