{"id":15999,"date":"2025-12-05T13:58:19","date_gmt":"2025-12-05T12:58:19","guid":{"rendered":"https:\/\/pasaenmendoza.com\/?p=15999"},"modified":"2025-12-05T13:58:19","modified_gmt":"2025-12-05T12:58:19","slug":"se-abren-los-sobres-para-conocer-las-ofertas-del-tren-de-cercanias-que-unira-al-gran-mendoza-con-el-este","status":"publish","type":"post","link":"https:\/\/pasaenmendoza.com\/?p=15999","title":{"rendered":"Se abren los sobres para conocer las ofertas del Tren de Cercan\u00edas que unir\u00e1 al Gran Mendoza con el Este"},"content":{"rendered":"\n<p>Este viernes marca un paso decisivo para uno de los proyectos m\u00e1s ambiciosos del Gobierno provincial: la apertura de ofertas para el\u00a0<strong>Tren de Cercan\u00edas<\/strong>, una obra valuada en\u00a0<strong>$212.886 millones<\/strong>\u00a0(unos 130 millones de d\u00f3lares) que renovar\u00e1 33 kil\u00f3metros de v\u00eda entre Maip\u00fa y Jun\u00edn, beneficiando a m\u00e1s de\u00a0<strong>350.000 habitantes<\/strong>\u00a0del Este que viajan al Gran Mendoza a diario.<\/p>\n\n\n\n<p>El acto se realizar\u00e1 en Casa de Gobierno en el Sal\u00f3n Patricias a las 12, donde se espera una amplia concurrencia de empresas locales, nacionales e internacionales, luego del fuerte inter\u00e9s que gener\u00f3 el&nbsp;<strong>proceso licitatorio<\/strong>.<\/p>\n\n\n\n<h2 class=\"wp-block-heading\">Fuerte inter\u00e9s empresario y alta participaci\u00f3n<\/h2>\n\n\n\n<p>La subsecretaria de Infraestructura,<strong>&nbsp;Marit\u00e9 Badui,<\/strong>&nbsp;destac\u00f3 que el proyecto despert\u00f3 consultas t\u00e9cnicas de numerosas firmas durante los 49 d\u00edas en que los pliegos estuvieron disponibles. Adem\u00e1s, a pedido de los propios contratistas, el Gobierno organiz\u00f3 una visita t\u00e9cnica a lo largo de la traza ferroviaria, con la participaci\u00f3n de&nbsp;<strong>unas 12 empresas locales, nacionales e internacionales<\/strong>, incluyendo consultas de compa\u00f1\u00edas de&nbsp;<strong>China y Suiza<\/strong>.<\/p>\n\n\n\n<p>\u201cLa convocatoria fue muy buena y demuestra el inter\u00e9s real que despierta el\u00a0<strong>Tren de Cercan\u00edas<\/strong>\u00a0\u201d, se\u00f1al\u00f3 Badui.<\/p>\n\n\n\n<p>Aunque el ferrocarril forma parte de la historia productiva de la provincia, nunca se desarroll\u00f3 un tren metropolitano orientado a mejorar la movilidad diaria entre departamentos. Por eso, desde el Ejecutivo consideran esta intervenci\u00f3n como\u00a0<strong>\u201cuna de las obras m\u00e1s relevantes de las \u00faltimas d\u00e9cadas\u201d<\/strong>, tanto por su complejidad t\u00e9cnica como por el impacto que tendr\u00e1 en la conectividad y en la calidad de vida de miles de mendocinos.<\/p>\n\n\n\n<figure class=\"wp-block-image\" id=\"1740162-Libre-1809234025_wrap\"><img decoding=\"async\" src=\"https:\/\/media.diariouno.com.ar\/p\/62c72834cc5a39158439ede915433459\/adjuntos\/298\/imagenes\/009\/668\/0009668033\/1200x0\/smart\/tren-cercanias.JPG\" alt=\"El recorrido del Tren de Cercan&iacute;as que unir&aacute; Maip&uacute; con Jun&iacute;n y todos los datos a tener en cuenta.&nbsp;\" title=\"El recorrido del Tren de Cercan&iacute;as que unir&aacute; Maip&uacute; con Jun&iacute;n y todos los datos a tener en cuenta.&nbsp;\"\/><figcaption class=\"wp-element-caption\">El recorrido del Tren de Cercan\u00edas que unir\u00e1 Maip\u00fa con Jun\u00edn y todos los datos a tener en cuenta.<\/figcaption><\/figure>\n\n\n\n<h2 class=\"wp-block-heading\">Financiamiento asegurado para el Tren de Cercan\u00edas<\/h2>\n\n\n\n<p>El proyecto cuenta con financiamiento garantizado a trav\u00e9s del&nbsp;<strong>Fondo del Resarcimiento<\/strong>, lo que permiti\u00f3 sostener el avance del proceso licitatorio sin sobresaltos. Pero adem\u00e1s con la aprobaci\u00f3n del&nbsp;<strong>Presupuesto 2026<\/strong>&nbsp;se abri\u00f3 la posibilidad de conseguir un financiamiento adicional.<\/p>\n\n\n\n<p>\u201cLa aprobaci\u00f3n de refuerzo para 2026 es una excelente noticia: porque de esa manera se puede liberar recursos del Fondo del Resarcimiento para otras obras estrat\u00e9gicas. En todos los casos, el proyecto se mantiene firme\u201d, aseguraron desde el Gobierno cuando la Legislatura respald\u00f3 la pauta de gastos para el pr\u00f3ximo a\u00f1o.<\/p>\n\n\n\n<h2 class=\"wp-block-heading\">C\u00f3mo ser\u00e1 el Tren de Cercan\u00edas<\/h2>\n\n\n\n<p>El ministro de Gobierno y Desarrollo Territorial, Natalio Mema, explic\u00f3 que el tren utilizar\u00e1 las v\u00edas del antiguo ferrocarril hoy operado por Belgrano Cargas. El recorrido Jun\u00edn\u2013Maip\u00fa se realizar\u00e1 en&nbsp;<strong>35 a 40 minutos,<\/strong>&nbsp;con trenes nuevos que funcionar\u00e1n como \u201ctriplas\u201d: dos locomotoras y un vag\u00f3n central, configurados para transportar un alto volumen de&nbsp;<strong>pasajeros<\/strong>.<\/p>\n\n\n\n<p>La tarifa ser\u00e1 m\u00e1s alta que la del transporte p\u00fablico convencional, con el objetivo de&nbsp;<strong>desalentar el uso del auto<\/strong>&nbsp;y descongestionar el tr\u00e1nsito entre el Este y el Gran Mendoza.<\/p>\n\n\n\n<p><strong>Fuente: www.diariouno.com.ar<\/strong><\/p>\n","protected":false},"excerpt":{"rendered":"<p>Este viernes marca un paso decisivo para uno de los proyectos m\u00e1s ambiciosos del Gobierno provincial: la apertura de ofertas para el\u00a0Tren de Cercan\u00edas, una obra valuada en\u00a0$212.886 millones\u00a0(unos 130 millones de d\u00f3lares) que renovar\u00e1 33 kil\u00f3metros de v\u00eda entre Maip\u00fa y Jun\u00edn, beneficiando a m\u00e1s de\u00a0350.000 habitantes\u00a0del Este que viajan al Gran Mendoza a [&hellip;]<\/p>\n","protected":false},"author":2,"featured_media":16000,"comment_status":"open","ping_status":"open","sticky":false,"template":"","format":"standard","meta":[],"categories":[47],"tags":[],"_links":{"self":[{"href":"https:\/\/pasaenmendoza.com\/index.php?rest_route=\/wp\/v2\/posts\/15999"}],"collection":[{"href":"https:\/\/pasaenmendoza.com\/index.php?rest_route=\/wp\/v2\/posts"}],"about":[{"href":"https:\/\/pasaenmendoza.com\/index.php?rest_route=\/wp\/v2\/types\/post"}],"author":[{"embeddable":true,"href":"https:\/\/pasaenmendoza.com\/index.php?rest_route=\/wp\/v2\/users\/2"}],"replies":[{"embeddable":true,"href":"https:\/\/pasaenmendoza.com\/index.php?rest_route=%2Fwp%2Fv2%2Fcomments&post=15999"}],"version-history":[{"count":1,"href":"https:\/\/pasaenmendoza.com\/index.php?rest_route=\/wp\/v2\/posts\/15999\/revisions"}],"predecessor-version":[{"id":16001,"href":"https:\/\/pasaenmendoza.com\/index.php?rest_route=\/wp\/v2\/posts\/15999\/revisions\/16001"}],"wp:featuredmedia":[{"embeddable":true,"href":"https:\/\/pasaenmendoza.com\/index.php?rest_route=\/wp\/v2\/media\/16000"}],"wp:attachment":[{"href":"https:\/\/pasaenmendoza.com\/index.php?rest_route=%2Fwp%2Fv2%2Fmedia&parent=15999"}],"wp:term":[{"taxonomy":"category","embeddable":true,"href":"https:\/\/pasaenmendoza.com\/index.php?rest_route=%2Fwp%2Fv2%2Fcategories&post=15999"},{"taxonomy":"post_tag","embeddable":true,"href":"https:\/\/pasaenmendoza.com\/index.php?rest_route=%2Fwp%2Fv2%2Ftags&post=15999"}],"curies":[{"name":"wp","href":"https:\/\/api.w.org\/{rel}","templated":true}]}}